{"id":38466,"date":"2018-01-23T10:22:15","date_gmt":"2018-01-23T13:22:15","guid":{"rendered":"http:\/\/caririemacao.com\/1\/?p=38466"},"modified":"2018-01-23T10:22:15","modified_gmt":"2018-01-23T13:22:15","slug":"volume-de-boqueirao-pb-atinge-10-nove-meses-apos-chegada-da-transposicao","status":"publish","type":"post","link":"https:\/\/www.caririemacao.com\/1\/2018\/01\/23\/volume-de-boqueirao-pb-atinge-10-nove-meses-apos-chegada-da-transposicao\/","title":{"rendered":"Volume de Boqueir\u00e3o, PB, atinge 10% nove meses ap\u00f3s chegada da transposi\u00e7\u00e3o"},"content":{"rendered":"<div class=\"mc-column content-media content-media--normal  content-photo\" data-block-type=\"backstage-photo\" data-block-id=\"0\">\n<div class=\"content-media__container\">\n<div class=\"content-media__description-centered \">\n<p class=\"content-media__description\">Passados nove meses e quatro dias do encontro das \u00e1guas da transposi\u00e7\u00e3o do Rio S\u00e3o Francisco com o espelho d&#8217;\u00e1gua do a\u00e7ude Epit\u00e1cio Pessoa, conhecido como a\u00e7ude de Boqueir\u00e3o, no Cariri paraibano, o manancial atingiu a marca de 10% nesta segunda-feira (22). O a\u00e7ude n\u00e3o atingia essa marca de mar\u00e7o de 2016.<\/p>\n<\/div>\n<\/div>\n<\/div>\n<div class=\"mc-column content-text active-extra-styles \" data-block-type=\"unstyled\" data-block-weight=\"43\" data-block-id=\"3\">\n<p class=\"content-text__container \" data-track-category=\"Link no Texto\" data-track-links=\"\">De acordo com os dados da Aesa, neste domingo (21) o a\u00e7ude estava com 9,99% e atingiu 10,03% nesta segunda-feira, o que corresponde a 41,27 milh\u00f5es de metros c\u00fabicos de \u00e1gua. Boqueir\u00e3o tem capacidade para armazenar at\u00e9 411,686 milh\u00f5es de m\u00b3 de \u00e1gua.<\/p>\n<\/div>\n<div class=\"mc-column content-text active-extra-styles \" data-block-type=\"unstyled\" data-block-weight=\"45\" data-block-id=\"4\">\n<p class=\"content-text__container \" data-track-category=\"Link no Texto\" data-track-links=\"\">O a\u00e7ude de Boqueir\u00e3o come\u00e7ou a receber as \u00e1guas da transposi\u00e7\u00e3o do Rio S\u00e3o Francisco na noite do dia 18 de abril de 2017, quando o a\u00e7ude estava com apenas 2,9%. Desde a chegada das \u00e1guas, o a\u00e7ude teve um aumento de 7,1 pontos percentuais.<\/p>\n<\/div>\n<div data-track-category=\"fim do conteudo\" data-track-action=\"ultimo chunk conteudo\" data-track-noninteraction=\"false\" data-track-scroll=\"entrada completa viewport\">\n<div class=\"mc-column content-text active-extra-styles \" data-block-type=\"unstyled\" data-block-weight=\"56\" data-block-id=\"5\">\n<p class=\"content-text__container \" data-track-category=\"Link no Texto\" data-track-links=\"\">Boqueir\u00e3o \u00e9 usado para abastecer a popula\u00e7\u00e3o de Campina Grande e outros 18 munic\u00edpios do Agreste paraibano, beneficiando cerca de 1 milh\u00e3o de habitantes, segundo a Companhia de \u00c1guas e Esgotos do Estado da Para\u00edba (Cagepa). Entre dezembro de 2014 e abril o agosto de 2017 a popula\u00e7\u00e3o abastecida precisou enfrentar um forte racionamento de \u00e1gua.<\/p>\n<p><strong>CARIRI EM A\u00c7\u00c3O<\/strong><\/p>\n<p><em>Com G1 \/Foto: Reprodu\u00e7\u00e3o Internet<\/em><\/p>\n<p><strong>Leia mais not\u00edcias em\u00a0<\/strong><a href=\"http:\/\/www.caririemacao.com\/\"><strong>caririemacao.com<\/strong><\/a><strong>, siga nossa p\u00e1gina no\u00a0<\/strong><a href=\"https:\/\/www.facebook.com\/CaririEmAcao\/?ref=aymt_homepage_panel\"><strong>Facebook<\/strong><\/a>,<strong>\u00a0<\/strong><a href=\"https:\/\/www.instagram.com\/cariri_em_acao\/?hl=pt-br\"><strong>Instagram<\/strong><\/a><strong>\u00a0e <\/strong><a href=\"https:\/\/www.youtube.com\/channel\/UCAptA0jQuYQy8vMhLt2m4qg\"><strong>Youtube<\/strong><\/a><strong>\u00a0e veja nossas mat\u00e9rias, v\u00eddeos e fotos. Voc\u00ea tamb\u00e9m pode enviar informa\u00e7\u00f5es \u00e0 Reda\u00e7\u00e3o do Portal Cariri em A\u00e7\u00e3o pelo WhatsApp (83) 9 9634.5791, (83) 9 9601-1162.<\/strong><\/p>\n<\/div>\n<\/div>\n","protected":false},"excerpt":{"rendered":"<p>Passados nove meses e quatro dias do encontro das \u00e1guas da transposi\u00e7\u00e3o do Rio S\u00e3o Francisco com o espelho d&#8217;\u00e1gua do a\u00e7ude Epit\u00e1cio Pessoa, conhecido&hellip; <\/p>\n","protected":false},"author":2,"featured_media":38252,"comment_status":"closed","ping_status":"closed","sticky":false,"template":"","format":"standard","meta":{"sfsi_plus_gutenberg_text_before_share":"","sfsi_plus_gutenberg_show_text_before_share":"","sfsi_plus_gutenberg_icon_type":"","sfsi_plus_gutenberg_icon_alignemt":"","sfsi_plus_gutenburg_max_per_row":"","footnotes":""},"categories":[6],"tags":[],"class_list":["post-38466","post","type-post","status-publish","format-standard","has-post-thumbnail","hentry","category-cidades"],"_links":{"self":[{"href":"https:\/\/www.caririemacao.com\/1\/wp-json\/wp\/v2\/posts\/38466","targetHints":{"allow":["GET"]}}],"collection":[{"href":"https:\/\/www.caririemacao.com\/1\/wp-json\/wp\/v2\/posts"}],"about":[{"href":"https:\/\/www.caririemacao.com\/1\/wp-json\/wp\/v2\/types\/post"}],"author":[{"embeddable":true,"href":"https:\/\/www.caririemacao.com\/1\/wp-json\/wp\/v2\/users\/2"}],"replies":[{"embeddable":true,"href":"https:\/\/www.caririemacao.com\/1\/wp-json\/wp\/v2\/comments?post=38466"}],"version-history":[{"count":0,"href":"https:\/\/www.caririemacao.com\/1\/wp-json\/wp\/v2\/posts\/38466\/revisions"}],"wp:featuredmedia":[{"embeddable":true,"href":"https:\/\/www.caririemacao.com\/1\/wp-json\/wp\/v2\/media\/38252"}],"wp:attachment":[{"href":"https:\/\/www.caririemacao.com\/1\/wp-json\/wp\/v2\/media?parent=38466"}],"wp:term":[{"taxonomy":"category","embeddable":true,"href":"https:\/\/www.caririemacao.com\/1\/wp-json\/wp\/v2\/categories?post=38466"},{"taxonomy":"post_tag","embeddable":true,"href":"https:\/\/www.caririemacao.com\/1\/wp-json\/wp\/v2\/tags?post=38466"}],"curies":[{"name":"wp","href":"https:\/\/api.w.org\/{rel}","templated":true}]}}