{"id":38470,"date":"2018-01-23T10:35:49","date_gmt":"2018-01-23T13:35:49","guid":{"rendered":"http:\/\/caririemacao.com\/1\/?p=38470"},"modified":"2018-01-23T10:35:49","modified_gmt":"2018-01-23T13:35:49","slug":"governo-do-estado-divulga-nota-com-orientacoes-sobre-a-febre-amarela","status":"publish","type":"post","link":"https:\/\/www.caririemacao.com\/1\/2018\/01\/23\/governo-do-estado-divulga-nota-com-orientacoes-sobre-a-febre-amarela\/","title":{"rendered":"Governo do Estado divulga nota com orienta\u00e7\u00f5es sobre a febre amarela"},"content":{"rendered":"<p>O Governo do Estado, por meio da Secretaria de Estado da Sa\u00fade, divulgou, nessa segunda-feira (22), nota informativa com orienta\u00e7\u00f5es para intensifica\u00e7\u00e3o das a\u00e7\u00f5es de vigil\u00e2ncia da febre amarela na Para\u00edba.<\/p>\n<p>A nota ressalta que nosso estado \u00e9 considerado \u00e1rea livre da doen\u00e7a, sem circula\u00e7\u00e3o viral e traz recomenda\u00e7\u00f5es para \u00f3rg\u00e3os p\u00fablicos e privados, profissionais e secretarias de sa\u00fade quanto \u00e0 Vigil\u00e2ncia Epidemiol\u00f3gica, Imuniza\u00e7\u00e3o e Controle Vetorial.<\/p>\n<p>A febre amarela \u00e9 uma doen\u00e7a febril aguda, n\u00e3o contagiosa, de curta dura\u00e7\u00e3o, cuja letalidade varia de 5 a 10%, podendo chegar a 50% nos casos graves.<\/p>\n<p>A doen\u00e7a tem potencial de dissemina\u00e7\u00e3o e transmiss\u00e3o bastante elevado, por isso \u00e9 importante que a notifica\u00e7\u00e3o de casos suspeitos seja feita o mais brevemente poss\u00edvel.<\/p>\n<p>A febre amarela comp\u00f5e a lista de doen\u00e7as de notifica\u00e7\u00e3o compuls\u00f3ria, publicada na Portaria n\u00ba 204, de 17 de fevereiro de 2016, sendo classificada entre as doen\u00e7as de notifica\u00e7\u00e3o imediata, ou seja, que devem ser notificadas em at\u00e9 24 horas.<\/p>\n<p>A SES-PB recomenda aos \u00f3rg\u00e3os p\u00fablicos e privados, e organiza\u00e7\u00f5es n\u00e3o governamentais que realizam a\u00e7\u00f5es nas \u00e1reas de transportes terrestres, portos e aeroportos, orientar os usu\u00e1rios de \u00e1reas com transmiss\u00e3o de febre amarela que, caso apresentem os sinais e sintomas da doen\u00e7as (febre de in\u00edcio repentino, calafrios, dor de cabe\u00e7a, dores nas costas e no corpo em geral, n\u00e1useas, v\u00f4mitos, fadiga e\/ou fraqueza), procurar um servi\u00e7o de sa\u00fade de refer\u00eancia do munic\u00edpio para avalia\u00e7\u00e3o m\u00e9dica.<\/p>\n<p>Tamb\u00e9m devem orientar os usu\u00e1rios que ir\u00e3o viajar para munic\u00edpios com recomenda\u00e7\u00e3o para vacina\u00e7\u00e3o de febre amarela a procurar o servi\u00e7o de refer\u00eancia de seu munic\u00edpio para avalia\u00e7\u00e3o da situa\u00e7\u00e3o vacinal e conforme necessidades, serem vacinados (com anteced\u00eancia m\u00ednima de dez (10) dias para a viagem).<\/p>\n<p>Para Vigil\u00e2ncia Epidemiol\u00f3gica das secretarias municipais de sa\u00fade \u00e9 recomendado que, na ocorr\u00eancia de caso suspeito, seja encaminhado para o servi\u00e7o de refer\u00eancia conforme pactua\u00e7\u00e3o de cada munic\u00edpio para primeira avalia\u00e7\u00e3o do caso.<\/p>\n<p>Caso necess\u00e1rio, dever\u00e1 ser regulado para os servi\u00e7os de refer\u00eancia de alta complexidade (Hospital Universit\u00e1rio Lauro Wanderley, Complexo Hospitalar Clementino Fraga e Hospital Universit\u00e1rio Alcides Carneiro).<\/p>\n<p>Deve-se tamb\u00e9m notificar e informar ao Centro de Informa\u00e7\u00e3o Estrat\u00e9gico de Vigil\u00e2ncia em Sa\u00fade \u2013 CIEVS a ocorr\u00eancia de casos suspeitos atrav\u00e9s do n\u00famero (83) 3218 7317, e coletar amostra cl\u00ednica (soro e sangue) e enviar para o Laborat\u00f3rio de Referencia em Sa\u00fade P\u00fablica Lacen \u2013 PB.<\/p>\n<p>A vacina contra a febre amarela \u00e9 ofertada no Calend\u00e1rio Nacional do Sistema \u00danico de Sa\u00fade (SUS).<\/p>\n<p>A recomenda\u00e7\u00e3o de vacina\u00e7\u00e3o para a popula\u00e7\u00e3o continua a mesma: toda pessoa que reside em \u00e1reas com recomenda\u00e7\u00e3o da vacina contra febre amarela e pessoas que v\u00e3o viajar para regi\u00f5es silvestres, rurais ou de mata dentro dessas \u00e1reas, deve se imunizar.<\/p>\n<p>Para as pessoas primovacinadas que necessitam se deslocar para Estados onde h\u00e1 recomenda\u00e7\u00e3o de vacina contra a febre amarela devem procurar os postos de sa\u00fade com anteced\u00eancia m\u00ednima de dez (10) dias para se vacinar.<\/p>\n<p>Para pessoas que j\u00e1 tomaram a vacina em algum momento da vida, com comprova\u00e7\u00e3o no cart\u00e3o de vacina\u00e7\u00e3o, j\u00e1 est\u00e3o protegidos, n\u00e3o havendo necessidade de uma 2\u00aa (segunda) dose.<\/p>\n<p>O Estado da Para\u00edba, assim como os Estados do Rio Grande do Norte, Pernambuco, Alagoas, Sergipe e Cear\u00e1, est\u00e1 fora da \u00e1rea com recomenda\u00e7\u00e3o de vacina.<\/p>\n<p>A SES\/PB alerta para a necessidade dos munic\u00edpios serem rigorosos quanto aos crit\u00e9rios para vacina\u00e7\u00e3o, com oferta deste imunobiol\u00f3gico apenas para viajantes (regi\u00f5es end\u00eamicas ou com recomenda\u00e7\u00e3o para vacina\u00e7\u00e3o), conforme link:http:\/\/portalms.saude.gov.br\/images\/listavacinacaofa.pdf.<\/p>\n<p>Enfatiza-se que na Para\u00edba n\u00e3o h\u00e1 crit\u00e9rios epidemiol\u00f3gicos para recomenda\u00e7\u00e3o de vacina para a popula\u00e7\u00e3o residente e que n\u00e3o se enquadre nos crit\u00e9rios anteriores (viajantes).<\/p>\n<p>\u2013 Pessoas com 60 anos ou mais, que nunca foram vacinadas ou sem comprovante de vacina\u00e7\u00e3o, o m\u00e9dico dever\u00e1 avaliar o benef\u00edcio\/risco da vacina\u00e7\u00e3o, levando em conta os riscos da doen\u00e7a e eventos adversos nessa faixa et\u00e1ria;<\/p>\n<p>\u2013 para gestantes e mulheres amamentando crian\u00e7as com at\u00e9 6 meses de idade a vacina\u00e7\u00e3o n\u00e3o est\u00e1 indicada, devendo ser adiada at\u00e9 a crian\u00e7a completar 6 meses de idade;<\/p>\n<p>\u2013 em caso de mulheres que estejam amamentando crian\u00e7as menores de 6 (seis) meses de idade e receberam a vacina, o aleitamento materno deve ser suspenso preferencialmente por 10 dias. Nessa situa\u00e7\u00e3o, a m\u00e3e e a crian\u00e7a dever\u00e3o ser acompanhadas pelo servi\u00e7o de sa\u00fade;<\/p>\n<p>\u2013 pessoas com imunodepress\u00e3o dever\u00e3o ser avaliadas e vacinadas segundo orienta\u00e7\u00f5es do manual do Crie.<\/p>\n<p>Os locais que ofertam a vacina contra a febre amarela na Para\u00edba s\u00e3o:<\/p>\n<table width=\"0\">\n<tbody>\n<tr>\n<td width=\"83\"><strong>\u00a0<\/strong><strong>Ger\u00eancia<\/strong><\/td>\n<td width=\"104\"><strong>\u00a0<\/strong><strong>Munic\u00edpio<\/strong><\/td>\n<td width=\"208\"><strong>\u00a0<\/strong><strong>Servi\u00e7o<\/strong><\/td>\n<td width=\"227\"><strong>\u00a0<\/strong><strong>Endere\u00e7o<\/strong><\/td>\n<\/tr>\n<tr>\n<td rowspan=\"3\" width=\"83\">&nbsp;<\/p>\n<p>&nbsp;<\/p>\n<p>&nbsp;<\/p>\n<p>1\u00aa<\/p>\n<p>&nbsp;<\/td>\n<td width=\"104\">Jo\u00e3o Pessoa<\/td>\n<td width=\"208\">Centro Municipal de Imuniza\u00e7\u00f5es (Antigo Lact\u00e1rio da Torre)<\/td>\n<td width=\"227\">Av Ruy Barbosa-Torre<\/td>\n<\/tr>\n<tr>\n<td width=\"104\">Bayeux<\/td>\n<td width=\"208\">PSF SESI I<\/td>\n<td width=\"227\">AV Liberdade \u2013 Bairro SESI, pr\u00f3ximo a Igreja cat\u00f3lica.<\/td>\n<\/tr>\n<tr>\n<td width=\"104\">Cabedelo<\/td>\n<td width=\"208\">Policl\u00ednica<\/td>\n<td width=\"227\">Rua: S\u00e3o Sebasti\u00e3o, S\/N \u2013 Camalau.<\/td>\n<\/tr>\n<tr>\n<td width=\"83\">2\u00aa<\/td>\n<td width=\"104\">Guarabira<\/td>\n<td width=\"208\">PSF Buriti<\/td>\n<td width=\"227\">Rua Jos\u00e9 Epaminondas-Bairro Novo<\/td>\n<\/tr>\n<tr>\n<td width=\"83\">3\u00aa<\/td>\n<td width=\"104\">Campina Grande<\/td>\n<td width=\"208\">Hospital Dr. Edgley<\/td>\n<td width=\"227\">Rua: Fernandes Vieira, 659 \u2013 Bairro Jos\u00e9 Pinheiro.<\/td>\n<\/tr>\n<tr>\n<td rowspan=\"2\" width=\"83\">&nbsp;<\/p>\n<p>4\u00aa<\/td>\n<td width=\"104\">Cuit\u00e9<\/td>\n<td width=\"208\">PSF Ezequias<\/td>\n<td width=\"227\">Rua: Projeta S\/N \u2013 Bairro Novo Retiro.<\/td>\n<\/tr>\n<tr>\n<td width=\"104\">Picu\u00ed<\/td>\n<td width=\"208\">PSF Centro<\/td>\n<td width=\"227\">Rua: S\u00e3o Sebasti\u00e3o, S\/N \u2013Bairro Centro.<\/td>\n<\/tr>\n<tr>\n<td rowspan=\"2\" width=\"83\">&nbsp;<\/p>\n<p>5\u00aa<\/td>\n<td width=\"104\">Monteiro<\/td>\n<td width=\"208\">PSF Centro<\/td>\n<td width=\"227\">Rua: Pedro Ferreira de Lima, 115.<\/td>\n<\/tr>\n<tr>\n<td width=\"104\">Sum\u00e9<\/td>\n<td width=\"208\">PSF IV Maria do Carmo Ramos<\/td>\n<td width=\"227\">Rua: Francisco de Melo.<\/td>\n<\/tr>\n<\/tbody>\n<\/table>\n<p><strong>CARIRI EM A\u00c7\u00c3O<\/strong><\/p>\n<p><em>Com Secom- PB\/Foto: Reprodu\u00e7\u00e3o Internet<\/em><\/p>\n<p><strong>Leia mais not\u00edcias em\u00a0<\/strong><a href=\"http:\/\/www.caririemacao.com\/\"><strong>caririemacao.com<\/strong><\/a><strong>, siga nossa p\u00e1gina no\u00a0<\/strong><a href=\"https:\/\/www.facebook.com\/CaririEmAcao\/?ref=aymt_homepage_panel\"><strong>Facebook<\/strong><\/a>,<strong>\u00a0<\/strong><a href=\"https:\/\/www.instagram.com\/cariri_em_acao\/?hl=pt-br\"><strong>Instagram<\/strong><\/a><strong>\u00a0e <\/strong><a href=\"https:\/\/www.youtube.com\/channel\/UCAptA0jQuYQy8vMhLt2m4qg\"><strong>Youtube<\/strong><\/a><strong>\u00a0e veja nossas mat\u00e9rias, v\u00eddeos e fotos. Voc\u00ea tamb\u00e9m pode enviar informa\u00e7\u00f5es \u00e0 Reda\u00e7\u00e3o do Portal Cariri em A\u00e7\u00e3o pelo WhatsApp (83) 9 9634.5791, (83) 9 9601-1162.<\/strong><\/p>\n","protected":false},"excerpt":{"rendered":"<p>O Governo do Estado, por meio da Secretaria de Estado da Sa\u00fade, divulgou, nessa segunda-feira (22), nota informativa com orienta\u00e7\u00f5es para intensifica\u00e7\u00e3o das a\u00e7\u00f5es de&hellip; <\/p>\n","protected":false},"author":2,"featured_media":9699,"comment_status":"closed","ping_status":"closed","sticky":false,"template":"","format":"standard","meta":{"sfsi_plus_gutenberg_text_before_share":"","sfsi_plus_gutenberg_show_text_before_share":"","sfsi_plus_gutenberg_icon_type":"","sfsi_plus_gutenberg_icon_alignemt":"","sfsi_plus_gutenburg_max_per_row":"","footnotes":""},"categories":[16],"tags":[],"class_list":["post-38470","post","type-post","status-publish","format-standard","has-post-thumbnail","hentry","category-saude"],"_links":{"self":[{"href":"https:\/\/www.caririemacao.com\/1\/wp-json\/wp\/v2\/posts\/38470","targetHints":{"allow":["GET"]}}],"collection":[{"href":"https:\/\/www.caririemacao.com\/1\/wp-json\/wp\/v2\/posts"}],"about":[{"href":"https:\/\/www.caririemacao.com\/1\/wp-json\/wp\/v2\/types\/post"}],"author":[{"embeddable":true,"href":"https:\/\/www.caririemacao.com\/1\/wp-json\/wp\/v2\/users\/2"}],"replies":[{"embeddable":true,"href":"https:\/\/www.caririemacao.com\/1\/wp-json\/wp\/v2\/comments?post=38470"}],"version-history":[{"count":0,"href":"https:\/\/www.caririemacao.com\/1\/wp-json\/wp\/v2\/posts\/38470\/revisions"}],"wp:featuredmedia":[{"embeddable":true,"href":"https:\/\/www.caririemacao.com\/1\/wp-json\/wp\/v2\/media\/9699"}],"wp:attachment":[{"href":"https:\/\/www.caririemacao.com\/1\/wp-json\/wp\/v2\/media?parent=38470"}],"wp:term":[{"taxonomy":"category","embeddable":true,"href":"https:\/\/www.caririemacao.com\/1\/wp-json\/wp\/v2\/categories?post=38470"},{"taxonomy":"post_tag","embeddable":true,"href":"https:\/\/www.caririemacao.com\/1\/wp-json\/wp\/v2\/tags?post=38470"}],"curies":[{"name":"wp","href":"https:\/\/api.w.org\/{rel}","templated":true}]}}