{"id":38472,"date":"2018-01-23T10:40:44","date_gmt":"2018-01-23T13:40:44","guid":{"rendered":"http:\/\/caririemacao.com\/1\/?p=38472"},"modified":"2018-01-23T10:40:44","modified_gmt":"2018-01-23T13:40:44","slug":"romero-revela-que-partido-aliado-apoia-sua-possivel-candidatura-ao-governo-do-estado","status":"publish","type":"post","link":"https:\/\/www.caririemacao.com\/1\/2018\/01\/23\/romero-revela-que-partido-aliado-apoia-sua-possivel-candidatura-ao-governo-do-estado\/","title":{"rendered":"Romero revela que partido aliado apoia sua poss\u00edvel candidatura ao governo do Estado"},"content":{"rendered":"<p>O prefeito Romero Rodrigues disse que tem recebido apoio do PP, partido do vice-prefeito Enivaldo Ribeiro, em caso de sua sa\u00edda para ser candidato ao governo do Estado neste ano.<\/p>\n<p>\u2013 Estive recentemente em Bras\u00edlia e l\u00e1 conversei com o deputado Aguinaldo Ribeiro e tamb\u00e9m com o vice-prefeito Enivaldo, e falamos sobre esse tema, nessa possibilidade de minha candidatura. Eles disseram que n\u00e3o estavam apenas torcendo por uma postula\u00e7\u00e3o minha, como tamb\u00e9m iriam ajudar a construir um projeto de lideran\u00e7as pol\u00edticas na regi\u00e3o \u2013 revelou Romero.<\/p>\n<p>O prefeito disse que, caso renuncie ao cargo para ser o candidato das oposi\u00e7\u00f5es nas elei\u00e7\u00f5es estaduais, acredita que o vice-prefeito n\u00e3o ter\u00e1 dificuldades administrativas j\u00e1 que tem o filho em Bras\u00edlia e que faz parte do governo federal.<\/p>\n<p><strong>CARIRI EM A\u00c7\u00c3O<\/strong><\/p>\n<p><em>Com PB online com R\u00e1dio Campina FM\/Foto: Reprodu\u00e7\u00e3o Internet<\/em><\/p>\n<p><strong>Leia mais not\u00edcias em\u00a0<\/strong><a href=\"http:\/\/www.caririemacao.com\/\"><strong>caririemacao.com<\/strong><\/a><strong>, siga nossa p\u00e1gina no\u00a0<\/strong><a href=\"https:\/\/www.facebook.com\/CaririEmAcao\/?ref=aymt_homepage_panel\"><strong>Facebook<\/strong><\/a>,<strong>\u00a0<\/strong><a href=\"https:\/\/www.instagram.com\/cariri_em_acao\/?hl=pt-br\"><strong>Instagram<\/strong><\/a><strong>\u00a0e <\/strong><a href=\"https:\/\/www.youtube.com\/channel\/UCAptA0jQuYQy8vMhLt2m4qg\"><strong>Youtube<\/strong><\/a><strong>\u00a0e veja nossas mat\u00e9rias, v\u00eddeos e fotos. Voc\u00ea tamb\u00e9m pode enviar informa\u00e7\u00f5es \u00e0 Reda\u00e7\u00e3o do Portal Cariri em A\u00e7\u00e3o pelo WhatsApp (83) 9 9634.5791, (83) 9 9601-1162.<\/strong><\/p>\n","protected":false},"excerpt":{"rendered":"<p>O prefeito Romero Rodrigues disse que tem recebido apoio do PP, partido do vice-prefeito Enivaldo Ribeiro, em caso de sua sa\u00edda para ser candidato ao&hellip; <\/p>\n","protected":false},"author":2,"featured_media":38473,"comment_status":"closed","ping_status":"closed","sticky":false,"template":"","format":"standard","meta":{"sfsi_plus_gutenberg_text_before_share":"","sfsi_plus_gutenberg_show_text_before_share":"","sfsi_plus_gutenberg_icon_type":"","sfsi_plus_gutenberg_icon_alignemt":"","sfsi_plus_gutenburg_max_per_row":"","footnotes":""},"categories":[1],"tags":[],"class_list":["post-38472","post","type-post","status-publish","format-standard","has-post-thumbnail","hentry","category-o-site"],"_links":{"self":[{"href":"https:\/\/www.caririemacao.com\/1\/wp-json\/wp\/v2\/posts\/38472","targetHints":{"allow":["GET"]}}],"collection":[{"href":"https:\/\/www.caririemacao.com\/1\/wp-json\/wp\/v2\/posts"}],"about":[{"href":"https:\/\/www.caririemacao.com\/1\/wp-json\/wp\/v2\/types\/post"}],"author":[{"embeddable":true,"href":"https:\/\/www.caririemacao.com\/1\/wp-json\/wp\/v2\/users\/2"}],"replies":[{"embeddable":true,"href":"https:\/\/www.caririemacao.com\/1\/wp-json\/wp\/v2\/comments?post=38472"}],"version-history":[{"count":0,"href":"https:\/\/www.caririemacao.com\/1\/wp-json\/wp\/v2\/posts\/38472\/revisions"}],"wp:featuredmedia":[{"embeddable":true,"href":"https:\/\/www.caririemacao.com\/1\/wp-json\/wp\/v2\/media\/38473"}],"wp:attachment":[{"href":"https:\/\/www.caririemacao.com\/1\/wp-json\/wp\/v2\/media?parent=38472"}],"wp:term":[{"taxonomy":"category","embeddable":true,"href":"https:\/\/www.caririemacao.com\/1\/wp-json\/wp\/v2\/categories?post=38472"},{"taxonomy":"post_tag","embeddable":true,"href":"https:\/\/www.caririemacao.com\/1\/wp-json\/wp\/v2\/tags?post=38472"}],"curies":[{"name":"wp","href":"https:\/\/api.w.org\/{rel}","templated":true}]}}