{"id":38475,"date":"2018-01-23T10:48:18","date_gmt":"2018-01-23T13:48:18","guid":{"rendered":"http:\/\/caririemacao.com\/1\/?p=38475"},"modified":"2018-01-23T10:48:18","modified_gmt":"2018-01-23T13:48:18","slug":"julgamento-de-lula-reacende-debate-sobre-a-ficha-limpa","status":"publish","type":"post","link":"https:\/\/www.caririemacao.com\/1\/2018\/01\/23\/julgamento-de-lula-reacende-debate-sobre-a-ficha-limpa\/","title":{"rendered":"Julgamento de Lula reacende debate sobre a Ficha Limpa"},"content":{"rendered":"<p>O\u00a0julgamento\u00a0do ex-presidente Luiz In\u00e1cio Lula da Silva (PT), marcado para a pr\u00f3xima quarta-feira (24), reacendeu o debate a respeito da\u00a0Lei da Ficha Limpa.<\/p>\n<p>Sem entrar no m\u00e9rito do processo envolvendo o petista, advogados ouvidos pela\u00a0Folha\u00a0avaliam que a mobiliza\u00e7\u00e3o gerada pelo caso dar\u00e1 novo impulso \u00e0s cr\u00edticas a pontos controversos da lei.<\/p>\n<p>Resultado de uma iniciativa popular que obteve 1,6 milh\u00e3o de assinaturas, a Ficha Limpa foi aprovada com quase unanimidade pelo Congresso em maio de 2010 \u2014teve apenas um voto contr\u00e1rio na\u00a0C\u00e2mara, o do deputado Marcelo Melo (PMDB-GO), que disse na ocasi\u00e3o ter errado os bot\u00f5es no momento da vota\u00e7\u00e3o.<\/p>\n<figure id=\"attachment_38476\" aria-describedby=\"caption-attachment-38476\" style=\"width: 620px\" class=\"wp-caption aligncenter\"><a href=\"http:\/\/caririemacao.com\/1\/wp-content\/uploads\/2018\/01\/18022250.png\"><img fetchpriority=\"high\" decoding=\"async\" class=\"size-full wp-image-38476\" src=\"http:\/\/caririemacao.com\/1\/wp-content\/uploads\/2018\/01\/18022250.png\" alt=\"\" width=\"620\" height=\"2230\" srcset=\"https:\/\/www.caririemacao.com\/1\/wp-content\/uploads\/2018\/01\/18022250.png 620w, https:\/\/www.caririemacao.com\/1\/wp-content\/uploads\/2018\/01\/18022250-83x300.png 83w, https:\/\/www.caririemacao.com\/1\/wp-content\/uploads\/2018\/01\/18022250-285x1024.png 285w\" sizes=\"(max-width: 620px) 100vw, 620px\" \/><\/a><figcaption id=\"caption-attachment-38476\" class=\"wp-caption-text\">Ficha Limpa volta \u00e0 tona Pontos controversos da lei, segundo especialistas\/ Folha de S\u00e3o Paulo.<\/figcaption><\/figure>\n<p>Sancionada sem vetos pelo pr\u00f3prio Lula em junho daquele ano, a norma pode agora impedir a candidatura do petista,\u00a0primeiro\u00a0colocado nas pesquisas, \u00e0 Presid\u00eancia da Rep\u00fablica.<\/p>\n<p>Lula foi\u00a0condenado\u00a0pelo juiz Sergio Moro a nove anos e seis meses de pris\u00e3o pelos crimes de corrup\u00e7\u00e3o passiva e lavagem de dinheiro no caso do\u00a0tr\u00edplex de Guaruj\u00e1\u00a0(SP). Uma confirma\u00e7\u00e3o da decis\u00e3o pelo Tribunal Federal Regional da 4\u00aa Regi\u00e3o, com sede em Porto Alegre, bastaria para torn\u00e1-lo ineleg\u00edvel, segundo a lei.<\/p>\n<p>A Ficha Limpa determina que pol\u00edticos condenados por decis\u00f5es colegiadas (tomadas por mais de um juiz) ficam impedidos de disputar cargos p\u00fablicos por no m\u00ednimo oito anos, mesmo sem o caso ter recebido senten\u00e7a definitiva.<\/p>\n<p>A lei, entretanto, estabelece um\u00a0efeito suspensivo\u00a0\u2014um pol\u00edtico condenado tem a possibilidade de tamb\u00e9m recorrer a inst\u00e2ncias superiores, que poder\u00e3o liberar ou n\u00e3o a candidatura at\u00e9 o julgamento final dos recursos.<\/p>\n<p>Desse ponto surgem dois dos principais questionamentos \u00e0 Ficha Limpa. Barrar um candidato n\u00e3o fere a soberania popular de escolher seus candidatos?<br \/>\nE tamb\u00e9m n\u00e3o seria um atentado ao princ\u00edpio de presun\u00e7\u00e3o de inoc\u00eancia, uma vez que o candidato fica ineleg\u00edvel sem a Justi\u00e7a ter conclu\u00eddo seu processo?<\/p>\n<p>A depender da resposta, pode-se considerar a Ficha Limpa uma &#8220;vit\u00f3ria da cidadania, da democracia participativa&#8221;, como j\u00e1 declarou o ministro do STF Ricardo Lewandowski, ou, segundo outro integrante da corte,Gilmar Mendes, uma &#8220;lei t\u00e3o mal feita que parece que foi feita por b\u00eabados&#8221;.<\/p>\n<p>&#8220;O grau de civilidade de um pa\u00eds se mede pela presun\u00e7\u00e3o de inoc\u00eancia&#8221;, diz Erick Pereira, presidente da comiss\u00e3o eleitoral da OAB (Ordem dos Advogados do Brasil).<\/p>\n<p>&#8220;O cen\u00e1rio atual cria uma grande incerteza. Em toda elei\u00e7\u00e3o, temos muitos casos de candidatos condenados que concorrem por meio de liminares. Um pol\u00edtico pode passar uma campanha inteira numa quase inelegibilidade, sem que o eleitor saiba que desfecho o caso ter\u00e1. Isso, de certa forma, \u00e9 uma fraude eleitoral, pois o eleitor est\u00e1 sendo enganado.&#8221;<\/p>\n<p>Ele defende que candidatos deveriam ser barrados somente ap\u00f3s uma primeira decis\u00e3o condenat\u00f3ria no TSE ou no STJ, e n\u00e3o nas cortes de segundo grau. &#8220;Isso uniformizaria as decis\u00f5es pelo pa\u00eds e consolidaria a inelegibilidade aos olhos da popula\u00e7\u00e3o.&#8221;<\/p>\n<p>&#8220;H\u00e1 um problema de fato na Ficha Limpa&#8221;, argumenta Karina Kufa, presidente do Instituto Paulista de Direito Eleitoral. &#8220;Mesmo que o STF n\u00e3o tenha essa interpreta\u00e7\u00e3o, n\u00e3o \u00e9 leg\u00edtimo, do ponto de vista constitucional, que uma pessoa fique ineleg\u00edvel antes de condena\u00e7\u00e3o definitiva.&#8221;<\/p>\n<p>Ela acredita que a Ficha Limpa abriu caminho para que o Supremo autorizasse tamb\u00e9m a\u00a0pris\u00e3o\u00a0de r\u00e9us condenados a partir de senten\u00e7a de segunda inst\u00e2ncia. &#8220;Agora que o Supremo d\u00e1 sinais de que ir\u00e1 rever a quest\u00e3o das pris\u00f5es, a Ficha Limpa tamb\u00e9m pode passar por revis\u00f5es. Os rumos do caso Lula podem contribuir para isso.&#8221;<\/p>\n<p>Idealizador da Ficha Limpa, o ex-juiz federal\u00a0M\u00e1rlon Reis\u00a0discorda dessas interpreta\u00e7\u00f5es. \u00c9 preciso levar em conta, diz, a diferen\u00e7a entre san\u00e7\u00e3o e condi\u00e7\u00e3o.<\/p>\n<p>&#8220;A lei eleitoral n\u00e3o determina uma san\u00e7\u00e3o, uma puni\u00e7\u00e3o, mas sim uma condi\u00e7\u00e3o. Ou seja, exigem-se alguns requisitos para alcan\u00e7ar o direito da candidatura. Isso n\u00e3o tem nada a ver com puni\u00e7\u00e3o. Por isso a Ficha Limpa n\u00e3o se submete ao princ\u00edpio da presun\u00e7\u00e3o de inoc\u00eancia.&#8221;<\/p>\n<p>Essa mesma raz\u00e3o, diz Reis, d\u00e1 base legal a outro ponto contestado: a aplica\u00e7\u00e3o da Ficha Limpa a fatos\u00a0anteriores\u00a0a sua cria\u00e7\u00e3o. N\u00e3o sendo uma lei penal, ela pode retroagir, defende o ex-juiz, hoje pr\u00e9-candidato da Rede a governador de Tocantins.<\/p>\n<p>Relator da Ficha Limpa na C\u00e2mara quando era deputado pelo PT e ex-ministro da Justi\u00e7a no governo Dilma,\u00a0Jos\u00e9 Eduardo Cardozo\u00a0manteve-se um defensor da lei, sobretudo da possibilidade de efeito suspensivo da condena\u00e7\u00e3o de segunda inst\u00e2ncia.<\/p>\n<p>&#8220;Eu previa na \u00e9poca anomalias de condena\u00e7\u00f5es arbitr\u00e1rias, por isso defendi essa possibilidade. Agora essas anomalias se verificam na realidade, com a condena\u00e7\u00e3o absurda de Lula.&#8221;<\/p>\n<p><strong>CARIRI EM A\u00c7\u00c3O<\/strong><\/p>\n<p><em>Com Folha de S\u00e3o Paulo\/Foto: Reprodu\u00e7\u00e3o Marco Rodrigo Almeida\u00a0<\/em><\/p>\n<p><strong>Leia mais not\u00edcias em\u00a0<\/strong><a href=\"http:\/\/www.caririemacao.com\/\"><strong>caririemacao.com<\/strong><\/a><strong>, siga nossa p\u00e1gina no\u00a0<\/strong><a href=\"https:\/\/www.facebook.com\/CaririEmAcao\/?ref=aymt_homepage_panel\"><strong>Facebook<\/strong><\/a>,<strong>\u00a0<\/strong><a href=\"https:\/\/www.instagram.com\/cariri_em_acao\/?hl=pt-br\"><strong>Instagram<\/strong><\/a><strong>\u00a0e <\/strong><a href=\"https:\/\/www.youtube.com\/channel\/UCAptA0jQuYQy8vMhLt2m4qg\"><strong>Youtube<\/strong><\/a><strong>\u00a0e veja nossas mat\u00e9rias, v\u00eddeos e fotos. Voc\u00ea tamb\u00e9m pode enviar informa\u00e7\u00f5es \u00e0 Reda\u00e7\u00e3o do Portal Cariri em A\u00e7\u00e3o pelo WhatsApp (83) 9 9634.5791, (83) 9 9601-1162.<\/strong><\/p>\n","protected":false},"excerpt":{"rendered":"<p>O\u00a0julgamento\u00a0do ex-presidente Luiz In\u00e1cio Lula da Silva (PT), marcado para a pr\u00f3xima quarta-feira (24), reacendeu o debate a respeito da\u00a0Lei da Ficha Limpa. Sem entrar&hellip; <\/p>\n","protected":false},"author":2,"featured_media":38477,"comment_status":"closed","ping_status":"closed","sticky":false,"template":"","format":"standard","meta":{"sfsi_plus_gutenberg_text_before_share":"","sfsi_plus_gutenberg_show_text_before_share":"","sfsi_plus_gutenberg_icon_type":"","sfsi_plus_gutenberg_icon_alignemt":"","sfsi_plus_gutenburg_max_per_row":"","footnotes":""},"categories":[11],"tags":[],"class_list":["post-38475","post","type-post","status-publish","format-standard","has-post-thumbnail","hentry","category-politica"],"_links":{"self":[{"href":"https:\/\/www.caririemacao.com\/1\/wp-json\/wp\/v2\/posts\/38475","targetHints":{"allow":["GET"]}}],"collection":[{"href":"https:\/\/www.caririemacao.com\/1\/wp-json\/wp\/v2\/posts"}],"about":[{"href":"https:\/\/www.caririemacao.com\/1\/wp-json\/wp\/v2\/types\/post"}],"author":[{"embeddable":true,"href":"https:\/\/www.caririemacao.com\/1\/wp-json\/wp\/v2\/users\/2"}],"replies":[{"embeddable":true,"href":"https:\/\/www.caririemacao.com\/1\/wp-json\/wp\/v2\/comments?post=38475"}],"version-history":[{"count":0,"href":"https:\/\/www.caririemacao.com\/1\/wp-json\/wp\/v2\/posts\/38475\/revisions"}],"wp:featuredmedia":[{"embeddable":true,"href":"https:\/\/www.caririemacao.com\/1\/wp-json\/wp\/v2\/media\/38477"}],"wp:attachment":[{"href":"https:\/\/www.caririemacao.com\/1\/wp-json\/wp\/v2\/media?parent=38475"}],"wp:term":[{"taxonomy":"category","embeddable":true,"href":"https:\/\/www.caririemacao.com\/1\/wp-json\/wp\/v2\/categories?post=38475"},{"taxonomy":"post_tag","embeddable":true,"href":"https:\/\/www.caririemacao.com\/1\/wp-json\/wp\/v2\/tags?post=38475"}],"curies":[{"name":"wp","href":"https:\/\/api.w.org\/{rel}","templated":true}]}}