{"id":38485,"date":"2018-01-23T21:49:23","date_gmt":"2018-01-24T00:49:23","guid":{"rendered":"http:\/\/caririemacao.com\/1\/?p=38485"},"modified":"2018-01-23T21:49:23","modified_gmt":"2018-01-24T00:49:23","slug":"bandeira-verde-na-conta-de-luz-deve-continuar-em-fevereiro","status":"publish","type":"post","link":"https:\/\/www.caririemacao.com\/1\/2018\/01\/23\/bandeira-verde-na-conta-de-luz-deve-continuar-em-fevereiro\/","title":{"rendered":"Bandeira verde na conta de luz deve continuar em fevereiro"},"content":{"rendered":"<p>O diretor-geral da Ag\u00eancia Nacional de Energia El\u00e9trica (Aneel), Romeu Rufino, afirmou nesta ter\u00e7a-feira (23) que a bandeira tarif\u00e1ria verde deve continuar em vigor em fevereiro. Isso significa que n\u00e3o haver\u00e1 cobran\u00e7a adicional nas contas de luz.<\/p>\n<p>Segundo Rufino, o volume de chuvas nos meses de dezembro e janeiro, considerado dentro do normal, permitiu a redu\u00e7\u00e3o na cobran\u00e7a da conta e a expectativa \u00e9 de manuten\u00e7\u00e3o desse cen\u00e1rio. A bandeira tarif\u00e1ria que ser\u00e1 cobrada em fevereiro ser\u00e1 divulgada oficialmente pela Aneel na pr\u00f3xima sexta-feira (26).<\/p>\n<p>No in\u00edcio de janeiro, o ministro de Minas e Energia, Fernando Coelho Filho, j\u00e1 havia dito que a\u00a0expectativa \u00e9 de que a tarifa de energia el\u00e9trica permane\u00e7a na bandeira verde at\u00e9 o fim do primeiro trimestre de 2018.<\/p>\n<p>Nos \u00faltimos tr\u00eas meses de 2017, em raz\u00e3o do fraco volume de chuvas e da baixa nos reservat\u00f3rios das usinas hidrel\u00e9tricas, a Aneel autorizou a cobran\u00e7a da tarifa vermelha, a mais alta prevista pela ag\u00eancia. Em outubro e novembro, vigorou inclusive a bandeira vermelha no patamar 2, com a cobran\u00e7a extra mais alta, de R$ 5 para cada 100 kilowatt\/hora (kWh) consumidos.<\/p>\n<p><strong>CARIRI EM A\u00c7\u00c3O<\/strong><\/p>\n<p><em>Com Portal Correio\/Foto: Reprodu\u00e7\u00e3o Internet\u00a0\u00a0<\/em><\/p>\n<p><strong>Leia mais not\u00edcias em\u00a0<\/strong><a href=\"http:\/\/www.caririemacao.com\/\"><strong>caririemacao.com<\/strong><\/a><strong>, siga nossa p\u00e1gina no\u00a0<\/strong><a href=\"https:\/\/www.facebook.com\/CaririEmAcao\/?ref=aymt_homepage_panel\"><strong>Facebook<\/strong><\/a>,<strong>\u00a0<\/strong><a href=\"https:\/\/www.instagram.com\/cariri_em_acao\/?hl=pt-br\"><strong>Instagram<\/strong><\/a><strong>\u00a0e <\/strong><a href=\"https:\/\/www.youtube.com\/channel\/UCAptA0jQuYQy8vMhLt2m4qg\"><strong>Youtube<\/strong><\/a><strong>\u00a0e veja nossas mat\u00e9rias, v\u00eddeos e fotos. Voc\u00ea tamb\u00e9m pode enviar informa\u00e7\u00f5es \u00e0 Reda\u00e7\u00e3o do Portal Cariri em A\u00e7\u00e3o pelo WhatsApp (83) 9 9634.5791, (83) 9 9601-1162.<\/strong><\/p>\n","protected":false},"excerpt":{"rendered":"<p>O diretor-geral da Ag\u00eancia Nacional de Energia El\u00e9trica (Aneel), Romeu Rufino, afirmou nesta ter\u00e7a-feira (23) que a bandeira tarif\u00e1ria verde deve continuar em vigor em&hellip; <\/p>\n","protected":false},"author":2,"featured_media":37724,"comment_status":"closed","ping_status":"closed","sticky":false,"template":"","format":"standard","meta":{"sfsi_plus_gutenberg_text_before_share":"","sfsi_plus_gutenberg_show_text_before_share":"","sfsi_plus_gutenberg_icon_type":"","sfsi_plus_gutenberg_icon_alignemt":"","sfsi_plus_gutenburg_max_per_row":"","footnotes":""},"categories":[2],"tags":[],"class_list":["post-38485","post","type-post","status-publish","format-standard","has-post-thumbnail","hentry","category-geral"],"_links":{"self":[{"href":"https:\/\/www.caririemacao.com\/1\/wp-json\/wp\/v2\/posts\/38485","targetHints":{"allow":["GET"]}}],"collection":[{"href":"https:\/\/www.caririemacao.com\/1\/wp-json\/wp\/v2\/posts"}],"about":[{"href":"https:\/\/www.caririemacao.com\/1\/wp-json\/wp\/v2\/types\/post"}],"author":[{"embeddable":true,"href":"https:\/\/www.caririemacao.com\/1\/wp-json\/wp\/v2\/users\/2"}],"replies":[{"embeddable":true,"href":"https:\/\/www.caririemacao.com\/1\/wp-json\/wp\/v2\/comments?post=38485"}],"version-history":[{"count":0,"href":"https:\/\/www.caririemacao.com\/1\/wp-json\/wp\/v2\/posts\/38485\/revisions"}],"wp:featuredmedia":[{"embeddable":true,"href":"https:\/\/www.caririemacao.com\/1\/wp-json\/wp\/v2\/media\/37724"}],"wp:attachment":[{"href":"https:\/\/www.caririemacao.com\/1\/wp-json\/wp\/v2\/media?parent=38485"}],"wp:term":[{"taxonomy":"category","embeddable":true,"href":"https:\/\/www.caririemacao.com\/1\/wp-json\/wp\/v2\/categories?post=38485"},{"taxonomy":"post_tag","embeddable":true,"href":"https:\/\/www.caririemacao.com\/1\/wp-json\/wp\/v2\/tags?post=38485"}],"curies":[{"name":"wp","href":"https:\/\/api.w.org\/{rel}","templated":true}]}}