{"id":38494,"date":"2018-01-23T22:04:16","date_gmt":"2018-01-24T01:04:16","guid":{"rendered":"http:\/\/caririemacao.com\/1\/?p=38494"},"modified":"2018-01-23T23:06:31","modified_gmt":"2018-01-24T02:06:31","slug":"liderancas-de-caraubas-participa-de-inauguracao-de-eixo-do-anel-viario-do-cariri","status":"publish","type":"post","link":"https:\/\/www.caririemacao.com\/1\/2018\/01\/23\/liderancas-de-caraubas-participa-de-inauguracao-de-eixo-do-anel-viario-do-cariri\/","title":{"rendered":"Lideran\u00e7as de Cara\u00fabas participam de inaugura\u00e7\u00e3o de eixo do anel vi\u00e1rio do Cariri"},"content":{"rendered":"<p>Nesta segunda-feira, dia 22, o prefeito de Cara\u00fabas, Silvano Dudu, esteve acompanhando o governador Ricardo Coutinho na pen\u00faltima inaugura\u00e7\u00e3o da etapa do anel vi\u00e1rio do Cariri. Silvano estava acompanhado do vice-prefeito, Z\u00e9 de Laura, e do seu dos vereadores, Tomaz Aquino e Nero.<\/p>\n<p>O novo trecho rodovi\u00e1rio interliga a cidade de S\u00e3o Jo\u00e3o do Tigre a Camala\u00fa, e compreende uma extens\u00e3o de 25 km.<\/p>\n<p>Em conversa com a nossa reportagem, o prefeito Silvano informou que o governador disse que ir\u00e1 inaugurar a estrada de Cara\u00fabas a S\u00e3o Domingos do Cariri at\u00e9 o m\u00eas de abril. Ele tamb\u00e9m destacou o trabalho do governador Ricardo Coutinho. \u201cO governador tem olhado para o Cariri, fazendo um trabalho diferenciado que tem mudado a realidade da nossa regi\u00e3o\u201d, destacou.<\/p>\n<p><strong>CARIRI EM A\u00c7\u00c3O<\/strong><\/p>\n<p><strong>Leia mais not\u00edcias em\u00a0<\/strong><a style=\"font-style: inherit; font-weight: inherit;\" href=\"http:\/\/www.caririemacao.com\/\"><strong style=\"font-style: inherit;\">caririemacao.com<\/strong><\/a><strong style=\"font-style: inherit;\">, siga nossa p\u00e1gina no\u00a0<\/strong><a style=\"font-style: inherit; font-weight: inherit;\" href=\"https:\/\/www.facebook.com\/CaririEmAcao\/?ref=aymt_homepage_panel\"><strong style=\"font-style: inherit;\">Facebook<\/strong><\/a>,<strong style=\"font-style: inherit;\">\u00a0<\/strong><a style=\"font-style: inherit; font-weight: inherit;\" href=\"https:\/\/www.instagram.com\/cariri_em_acao\/?hl=pt-br\"><strong style=\"font-style: inherit;\">Instagram<\/strong><\/a><strong style=\"font-style: inherit;\">\u00a0e\u00a0<\/strong><a style=\"font-style: inherit; font-weight: inherit;\" href=\"https:\/\/www.youtube.com\/channel\/UCAptA0jQuYQy8vMhLt2m4qg\"><strong style=\"font-style: inherit;\">Youtube<\/strong><\/a><strong style=\"font-style: inherit;\">\u00a0e veja nossas mat\u00e9rias, v\u00eddeos e fotos. Voc\u00ea tamb\u00e9m pode enviar informa\u00e7\u00f5es \u00e0 Reda\u00e7\u00e3o do Portal Cariri em A\u00e7\u00e3o pelo WhatsApp (83) 9 9634.5791, (83) 9 9601-1162.<\/strong><\/p>\n","protected":false},"excerpt":{"rendered":"<p>Nesta segunda-feira, dia 22, o prefeito de Cara\u00fabas, Silvano Dudu, esteve acompanhando o governador Ricardo Coutinho na pen\u00faltima inaugura\u00e7\u00e3o da etapa do anel vi\u00e1rio do&hellip; <\/p>\n","protected":false},"author":2,"featured_media":38495,"comment_status":"closed","ping_status":"closed","sticky":false,"template":"","format":"standard","meta":{"sfsi_plus_gutenberg_text_before_share":"","sfsi_plus_gutenberg_show_text_before_share":"","sfsi_plus_gutenberg_icon_type":"","sfsi_plus_gutenberg_icon_alignemt":"","sfsi_plus_gutenburg_max_per_row":"","footnotes":""},"categories":[2],"tags":[],"class_list":["post-38494","post","type-post","status-publish","format-standard","has-post-thumbnail","hentry","category-geral"],"_links":{"self":[{"href":"https:\/\/www.caririemacao.com\/1\/wp-json\/wp\/v2\/posts\/38494","targetHints":{"allow":["GET"]}}],"collection":[{"href":"https:\/\/www.caririemacao.com\/1\/wp-json\/wp\/v2\/posts"}],"about":[{"href":"https:\/\/www.caririemacao.com\/1\/wp-json\/wp\/v2\/types\/post"}],"author":[{"embeddable":true,"href":"https:\/\/www.caririemacao.com\/1\/wp-json\/wp\/v2\/users\/2"}],"replies":[{"embeddable":true,"href":"https:\/\/www.caririemacao.com\/1\/wp-json\/wp\/v2\/comments?post=38494"}],"version-history":[{"count":0,"href":"https:\/\/www.caririemacao.com\/1\/wp-json\/wp\/v2\/posts\/38494\/revisions"}],"wp:featuredmedia":[{"embeddable":true,"href":"https:\/\/www.caririemacao.com\/1\/wp-json\/wp\/v2\/media\/38495"}],"wp:attachment":[{"href":"https:\/\/www.caririemacao.com\/1\/wp-json\/wp\/v2\/media?parent=38494"}],"wp:term":[{"taxonomy":"category","embeddable":true,"href":"https:\/\/www.caririemacao.com\/1\/wp-json\/wp\/v2\/categories?post=38494"},{"taxonomy":"post_tag","embeddable":true,"href":"https:\/\/www.caririemacao.com\/1\/wp-json\/wp\/v2\/tags?post=38494"}],"curies":[{"name":"wp","href":"https:\/\/api.w.org\/{rel}","templated":true}]}}