{"id":38497,"date":"2018-01-23T22:59:14","date_gmt":"2018-01-24T01:59:14","guid":{"rendered":"http:\/\/caririemacao.com\/1\/?p=38497"},"modified":"2018-01-23T23:02:38","modified_gmt":"2018-01-24T02:02:38","slug":"secretaria-de-saude-apresenta-acoes-nasf-a-populacao-de-sao-sebastiao-do-umbuzeiro","status":"publish","type":"post","link":"https:\/\/www.caririemacao.com\/1\/2018\/01\/23\/secretaria-de-saude-apresenta-acoes-nasf-a-populacao-de-sao-sebastiao-do-umbuzeiro\/","title":{"rendered":"Secretaria de Sa\u00fade apresenta a\u00e7\u00f5es NASF \u00e0 popula\u00e7\u00e3o de S\u00e3o Sebasti\u00e3o do Umbuzeiro"},"content":{"rendered":"<p>A Prefeitura de S\u00e3o Sebasti\u00e3o do Umbuzeiro, atrav\u00e9s da Secretaria de Sa\u00fade, esteve nesta segunda-feira, dia 22, apresentando \u00e0 popula\u00e7\u00e3o do munic\u00edpio as a\u00e7\u00f5es que s\u00e3o realizadas pelo N\u00facleo de Apoio \u00e0 Sa\u00fade da Fam\u00edlia (NASF).<\/p>\n<p>O programa que foi criado em 2008 \u00e9 formado por uma equipe multiprofissional que atua de forma integrada a equipe de Sa\u00fade da fam\u00edlia.<\/p>\n<p>De acordo com o secret\u00e1rio M\u00e1rcio Neves, o NASF tem o objetivo de apoiar, ampliar, aperfei\u00e7oar a aten\u00e7\u00e3o b\u00e1sica\/sa\u00fade da fam\u00edlia, atrav\u00e9s de promo\u00e7\u00e3o, preven\u00e7\u00e3o, reabilita\u00e7\u00e3o, educa\u00e7\u00e3o permanente, humaniza\u00e7\u00e3o de servi\u00e7os.<\/p>\n<p>A equipe NASF de S\u00e3o Sebasti\u00e3o do Umbuzeiro \u00e9 composta por nutricionista, psic\u00f3logo e fisioterapia, onde realizam atividades coletivas, visitando as resid\u00eancias fazendo tamb\u00e9m atendimento ambulatorial.<\/p>\n<p>\u201cA import\u00e2ncia desse momento de esclarecimento realizado pelo NASF \u00e9 importante para que a popula\u00e7\u00e3o tenha um maior conhecimento do servi\u00e7o do programa\u201d, esclareceu o secret\u00e1rio.<\/p>\n<p><strong>CARIRI EM A\u00c7\u00c3O<\/strong><\/p>\n<p><strong>Leia mais not\u00edcias em\u00a0<\/strong><a style=\"font-style: inherit; font-weight: inherit;\" href=\"http:\/\/www.caririemacao.com\/\"><strong style=\"font-style: inherit;\">caririemacao.com<\/strong><\/a><strong style=\"font-style: inherit;\">, siga nossa p\u00e1gina no\u00a0<\/strong><a style=\"font-style: inherit; font-weight: inherit;\" href=\"https:\/\/www.facebook.com\/CaririEmAcao\/?ref=aymt_homepage_panel\"><strong style=\"font-style: inherit;\">Facebook<\/strong><\/a>,<strong style=\"font-style: inherit;\">\u00a0<\/strong><a style=\"font-style: inherit; font-weight: inherit;\" href=\"https:\/\/www.instagram.com\/cariri_em_acao\/?hl=pt-br\"><strong style=\"font-style: inherit;\">Instagram<\/strong><\/a><strong style=\"font-style: inherit;\">\u00a0e\u00a0<\/strong><a style=\"font-style: inherit; font-weight: inherit;\" href=\"https:\/\/www.youtube.com\/channel\/UCAptA0jQuYQy8vMhLt2m4qg\"><strong style=\"font-style: inherit;\">Youtube<\/strong><\/a><strong style=\"font-style: inherit;\">\u00a0e veja nossas mat\u00e9rias, v\u00eddeos e fotos. Voc\u00ea tamb\u00e9m pode enviar informa\u00e7\u00f5es \u00e0 Reda\u00e7\u00e3o do Portal Cariri em A\u00e7\u00e3o pelo WhatsApp (83) 9 9634.5791, (83) 9 9601-1162.<\/strong><\/p>\n","protected":false},"excerpt":{"rendered":"<p>A Prefeitura de S\u00e3o Sebasti\u00e3o do Umbuzeiro, atrav\u00e9s da Secretaria de Sa\u00fade, esteve nesta segunda-feira, dia 22, apresentando \u00e0 popula\u00e7\u00e3o do munic\u00edpio as a\u00e7\u00f5es que&hellip; <\/p>\n","protected":false},"author":2,"featured_media":38501,"comment_status":"closed","ping_status":"closed","sticky":false,"template":"","format":"standard","meta":{"sfsi_plus_gutenberg_text_before_share":"","sfsi_plus_gutenberg_show_text_before_share":"","sfsi_plus_gutenberg_icon_type":"","sfsi_plus_gutenberg_icon_alignemt":"","sfsi_plus_gutenburg_max_per_row":"","footnotes":""},"categories":[6],"tags":[],"class_list":["post-38497","post","type-post","status-publish","format-standard","has-post-thumbnail","hentry","category-cidades"],"_links":{"self":[{"href":"https:\/\/www.caririemacao.com\/1\/wp-json\/wp\/v2\/posts\/38497","targetHints":{"allow":["GET"]}}],"collection":[{"href":"https:\/\/www.caririemacao.com\/1\/wp-json\/wp\/v2\/posts"}],"about":[{"href":"https:\/\/www.caririemacao.com\/1\/wp-json\/wp\/v2\/types\/post"}],"author":[{"embeddable":true,"href":"https:\/\/www.caririemacao.com\/1\/wp-json\/wp\/v2\/users\/2"}],"replies":[{"embeddable":true,"href":"https:\/\/www.caririemacao.com\/1\/wp-json\/wp\/v2\/comments?post=38497"}],"version-history":[{"count":0,"href":"https:\/\/www.caririemacao.com\/1\/wp-json\/wp\/v2\/posts\/38497\/revisions"}],"wp:featuredmedia":[{"embeddable":true,"href":"https:\/\/www.caririemacao.com\/1\/wp-json\/wp\/v2\/media\/38501"}],"wp:attachment":[{"href":"https:\/\/www.caririemacao.com\/1\/wp-json\/wp\/v2\/media?parent=38497"}],"wp:term":[{"taxonomy":"category","embeddable":true,"href":"https:\/\/www.caririemacao.com\/1\/wp-json\/wp\/v2\/categories?post=38497"},{"taxonomy":"post_tag","embeddable":true,"href":"https:\/\/www.caririemacao.com\/1\/wp-json\/wp\/v2\/tags?post=38497"}],"curies":[{"name":"wp","href":"https:\/\/api.w.org\/{rel}","templated":true}]}}