{"id":38532,"date":"2018-01-23T23:13:56","date_gmt":"2018-01-24T02:13:56","guid":{"rendered":"http:\/\/caririemacao.com\/1\/?p=38532"},"modified":"2018-01-23T23:13:56","modified_gmt":"2018-01-24T02:13:56","slug":"temer-diz-que-julgamento-de-lula-e-evento-natural-e-mostra-que-instituicoes-estao-funcionando","status":"publish","type":"post","link":"https:\/\/www.caririemacao.com\/1\/2018\/01\/23\/temer-diz-que-julgamento-de-lula-e-evento-natural-e-mostra-que-instituicoes-estao-funcionando\/","title":{"rendered":"Temer diz que julgamento de Lula \u00e9 &#8220;evento natural&#8221; e mostra que institui\u00e7\u00f5es est\u00e3o funcionando"},"content":{"rendered":"<p>O presidente Michel Temer classificou nesta ter\u00e7a-feira de &#8220;evento natural&#8221; o julgamento do recurso do ex-presidente Luiz In\u00e1cio Lula da Silva contra uma condena\u00e7\u00e3o a 9 anos e 6 meses de pris\u00e3o, e afirmou que a an\u00e1lise da apela\u00e7\u00e3o do petista mostra que as institui\u00e7\u00f5es do pa\u00eds est\u00e3o funcionando.<\/p>\n<p>Em entrevista a jornalistas na Su\u00ed\u00e7a, onde participa do F\u00f3rum Econ\u00f4mico Mundial em Davos, Temer reconheceu que o julgamento do ex-presidente, marcado para quarta-feira no Tribunal Regional Federal da 4\u00aa Regi\u00e3o (TRF-4) em Porto Alegre, deve desviar a aten\u00e7\u00e3o do discurso que far\u00e1 no f\u00f3rum no mesmo dia, mas negou que a situa\u00e7\u00e3o de Lula gere mal-estar.<\/p>\n<p>&#8220;N\u00e3o acredito (em mal-estar). Talvez roube a cena daqui porque \u00e9 no mesmo dia. Mas fora da\u00ed, eu acho que n\u00e3o vai causar mal-estar nenhum, \u00e9 um evento natural&#8221;, disse o presidente a jornalistas, de acordo com transcri\u00e7\u00e3o da entrevista divulgada pelo Pal\u00e1cio do Planalto.<\/p>\n<p>&#8220;Acho que \u00e9 natural. Isso significa uma coisa que eu vou dizer a\u00ed: que as institui\u00e7\u00f5es brasileiras est\u00e3o funcionando, e funcionando com toda tranquilidade, o que, naturalmente, d\u00e1 muita seguran\u00e7a para quem quiser investir no pa\u00eds&#8221;, acrescentou.<\/p>\n<p>Lula foi condenado por corrup\u00e7\u00e3o e lavagem de dinheiro pelo juiz federal S\u00e9rgio Moro em julho do ano passado, acusado de receber um apartamento tr\u00edplex no Guaruj\u00e1, litoral de S\u00e3o Paulo, como propina paga pela empreiteira OAS em troca de contratos na Petrobras.<\/p>\n<p>Se tiver a condena\u00e7\u00e3o confirmada pela 8\u00aa Turma do TRF-4, respons\u00e1vel pelos processos da opera\u00e7\u00e3o Lava Jato em segunda inst\u00e2ncia na quarta-feira, o petista pode ficar impedido de disputar a elei\u00e7\u00e3o presidencial de outubro deste ano.<\/p>\n<p><strong>CARIRI EM A\u00c7\u00c3O<\/strong><\/p>\n<p><em>Com\u00a0Reuters\/Foto: Reprodu\u00e7\u00e3o Internet<\/em><\/p>\n<p><strong>Leia mais not\u00edcias em\u00a0<\/strong><a href=\"http:\/\/www.caririemacao.com\/\"><strong>caririemacao.com<\/strong><\/a><strong>, siga nossa p\u00e1gina no\u00a0<\/strong><a href=\"https:\/\/www.facebook.com\/CaririEmAcao\/?ref=aymt_homepage_panel\"><strong>Facebook<\/strong><\/a>,<strong>\u00a0<\/strong><a href=\"https:\/\/www.instagram.com\/cariri_em_acao\/?hl=pt-br\"><strong>Instagram<\/strong><\/a><strong>\u00a0e <\/strong><a href=\"https:\/\/www.youtube.com\/channel\/UCAptA0jQuYQy8vMhLt2m4qg\"><strong>Youtube<\/strong><\/a><strong>\u00a0e veja nossas mat\u00e9rias, v\u00eddeos e fotos. Voc\u00ea tamb\u00e9m pode enviar informa\u00e7\u00f5es \u00e0 Reda\u00e7\u00e3o do Portal Cariri em A\u00e7\u00e3o pelo WhatsApp (83) 9 9634.5791, (83) 9 9601-1162.<\/strong><\/p>\n","protected":false},"excerpt":{"rendered":"<p>O presidente Michel Temer classificou nesta ter\u00e7a-feira de &#8220;evento natural&#8221; o julgamento do recurso do ex-presidente Luiz In\u00e1cio Lula da Silva contra uma condena\u00e7\u00e3o a&hellip; <\/p>\n","protected":false},"author":2,"featured_media":12952,"comment_status":"closed","ping_status":"closed","sticky":false,"template":"","format":"standard","meta":{"sfsi_plus_gutenberg_text_before_share":"","sfsi_plus_gutenberg_show_text_before_share":"","sfsi_plus_gutenberg_icon_type":"","sfsi_plus_gutenberg_icon_alignemt":"","sfsi_plus_gutenburg_max_per_row":"","footnotes":""},"categories":[11],"tags":[],"class_list":["post-38532","post","type-post","status-publish","format-standard","has-post-thumbnail","hentry","category-politica"],"_links":{"self":[{"href":"https:\/\/www.caririemacao.com\/1\/wp-json\/wp\/v2\/posts\/38532","targetHints":{"allow":["GET"]}}],"collection":[{"href":"https:\/\/www.caririemacao.com\/1\/wp-json\/wp\/v2\/posts"}],"about":[{"href":"https:\/\/www.caririemacao.com\/1\/wp-json\/wp\/v2\/types\/post"}],"author":[{"embeddable":true,"href":"https:\/\/www.caririemacao.com\/1\/wp-json\/wp\/v2\/users\/2"}],"replies":[{"embeddable":true,"href":"https:\/\/www.caririemacao.com\/1\/wp-json\/wp\/v2\/comments?post=38532"}],"version-history":[{"count":0,"href":"https:\/\/www.caririemacao.com\/1\/wp-json\/wp\/v2\/posts\/38532\/revisions"}],"wp:featuredmedia":[{"embeddable":true,"href":"https:\/\/www.caririemacao.com\/1\/wp-json\/wp\/v2\/media\/12952"}],"wp:attachment":[{"href":"https:\/\/www.caririemacao.com\/1\/wp-json\/wp\/v2\/media?parent=38532"}],"wp:term":[{"taxonomy":"category","embeddable":true,"href":"https:\/\/www.caririemacao.com\/1\/wp-json\/wp\/v2\/categories?post=38532"},{"taxonomy":"post_tag","embeddable":true,"href":"https:\/\/www.caririemacao.com\/1\/wp-json\/wp\/v2\/tags?post=38532"}],"curies":[{"name":"wp","href":"https:\/\/api.w.org\/{rel}","templated":true}]}}