{"id":38538,"date":"2018-01-23T23:26:01","date_gmt":"2018-01-24T02:26:01","guid":{"rendered":"http:\/\/caririemacao.com\/1\/?p=38538"},"modified":"2018-01-23T23:26:01","modified_gmt":"2018-01-24T02:26:01","slug":"procase-realiza-entrega-de-animais-materia-prima-e-equipamentos-para-associacoes-de-sao-sebastiao-do-umbuzeiro","status":"publish","type":"post","link":"https:\/\/www.caririemacao.com\/1\/2018\/01\/23\/procase-realiza-entrega-de-animais-materia-prima-e-equipamentos-para-associacoes-de-sao-sebastiao-do-umbuzeiro\/","title":{"rendered":"Procase realiza entrega de animais, mat\u00e9ria prima e equipamentos para associa\u00e7\u00f5es de S\u00e3o Sebasti\u00e3o do Umbuzeiro"},"content":{"rendered":"<p style=\"font-weight: 400;\">O Projeto de Desenvolvimento Sustent\u00e1vel do Cariri, Serid\u00f3 e Curimata\u00fa (Procase), do Governo do Estado da Para\u00edba, em parceria com a Associa\u00e7\u00e3o dos Trabalhadores Rurais do Assentamento Juazeiro e a prefeitura de S\u00e3o Sebasti\u00e3o do Umbuzeiro, realizou a entrega de animais para o Assentamento Juazeiro, zona rural do munic\u00edpio.<\/p>\n<p style=\"font-weight: 400;\">Foi entregue dois reprodutores P.O. Torgee e dois Anglo-nubiano, e 42 matrizes mesti\u00e7as Togge e 42 anglo-nubiana. Onde o empreendimento produtivo apoiado pelo Projeto objetiva o fortalecimento da caprinocultura na regi\u00e3o. As a\u00e7\u00f5es do Procase objetivam fortalecer a cadeia produtiva de caprinos e ovinos na regi\u00e3o.<\/p>\n<p style=\"font-weight: 400;\">O munic\u00edpio tamb\u00e9m foi contemplado com a Associa\u00e7\u00e3o de Desenvolvimento dos Artes\u00e3os de S\u00e3o Sebasti\u00e3o do Umbuzeiro, Casa das Rendeiras com a reforma do espa\u00e7o f\u00edsico para comercializa\u00e7\u00e3o e produ\u00e7\u00e3o das pe\u00e7as em renda renascen\u00e7a, material permanente como Arm\u00e1rio m a\u00e7o com 02 portas, Estante em a\u00e7o, M\u00e1quina galoneira, M\u00e1quina costura reta, M\u00e1quina overloc e Banco de Mat\u00e9ria Prima.<\/p>\n<p style=\"font-weight: 400;\">O prefeito Adriano Wolff, falou da import\u00e2ncia do munic\u00edpio esta sendo contemplado com os animais, mat\u00e9ria prima e equipamentos para a Associa\u00e7\u00e3o das Rendeiras.<\/p>\n<p style=\"font-weight: 400;\">\u201cSabemos do esfor\u00e7o dos nossos produtores rurais e n\u00e3o medimos esfor\u00e7os para trazer melhorias os agricultores. Estamos imensamente felizes com mais esta conquista de todos, e, temos certeza que as rendeiras ir\u00e3o aproveitar esses equipamentos e material, contem o apoio da administra\u00e7\u00e3o no for preciso tanto os agricultores como as rendeiras\u201d, ressaltou o prefeito.<\/p>\n<p style=\"font-weight: 400;\">A Presidente da Associa\u00e7\u00e3o de Desenvolvimento dos Artes\u00e3os de S\u00e3o Sebasti\u00e3o do Umbuzeiro, Regina Gomes, festejou a conquista. \u201cEstes equipamentos chegaram em \u00f3tima hora. Precisamos deste incentivo e, com certeza, ser\u00e1 muito \u00fatil para todo o nosso trabalho\u201d, disse.<\/p>\n<p style=\"font-weight: 400;\">Estiveram presentes na entrega al\u00e9m dos presidentes das associa\u00e7\u00f5es, Prefeito Adriano Wolff, Vice-prefeito Chico de Mariano, Secret\u00e1rio de Agricultura Diego Elesb\u00e3o, Luiz Silva Presidente do Sindicato dos Trabalhadores Rurais e e a Mobilizadora Social do Procase, Joseane Bezerra (Joia).<\/p>\n<p style=\"font-weight: 400;\"><strong>CARIRI EM A\u00c7\u00c3O<\/strong><\/p>\n<p><em>Com Blog do Didi\/Foto:Didi<\/em><\/p>\n<p><strong>Leia mais not\u00edcias em\u00a0<\/strong><a href=\"http:\/\/www.caririemacao.com\/\"><strong>caririemacao.com<\/strong><\/a><strong>, siga nossa p\u00e1gina no\u00a0<\/strong><a href=\"https:\/\/www.facebook.com\/CaririEmAcao\/?ref=aymt_homepage_panel\"><strong>Facebook<\/strong><\/a>,<strong>\u00a0<\/strong><a href=\"https:\/\/www.instagram.com\/cariri_em_acao\/?hl=pt-br\"><strong>Instagram<\/strong><\/a><strong>\u00a0e <\/strong><a href=\"https:\/\/www.youtube.com\/channel\/UCAptA0jQuYQy8vMhLt2m4qg\"><strong>Youtube<\/strong><\/a><strong>\u00a0e veja nossas mat\u00e9rias, v\u00eddeos e fotos. Voc\u00ea tamb\u00e9m pode enviar informa\u00e7\u00f5es \u00e0 Reda\u00e7\u00e3o do Portal Cariri em A\u00e7\u00e3o pelo WhatsApp (83) 9 9634.5791, (83) 9 9601-1162.<\/strong><\/p>\n","protected":false},"excerpt":{"rendered":"<p>O Projeto de Desenvolvimento Sustent\u00e1vel do Cariri, Serid\u00f3 e Curimata\u00fa (Procase), do Governo do Estado da Para\u00edba, em parceria com a Associa\u00e7\u00e3o dos Trabalhadores Rurais&hellip; <\/p>\n","protected":false},"author":2,"featured_media":38539,"comment_status":"closed","ping_status":"closed","sticky":false,"template":"","format":"standard","meta":{"sfsi_plus_gutenberg_text_before_share":"","sfsi_plus_gutenberg_show_text_before_share":"","sfsi_plus_gutenberg_icon_type":"","sfsi_plus_gutenberg_icon_alignemt":"","sfsi_plus_gutenburg_max_per_row":"","footnotes":""},"categories":[2],"tags":[],"class_list":["post-38538","post","type-post","status-publish","format-standard","has-post-thumbnail","hentry","category-geral"],"_links":{"self":[{"href":"https:\/\/www.caririemacao.com\/1\/wp-json\/wp\/v2\/posts\/38538","targetHints":{"allow":["GET"]}}],"collection":[{"href":"https:\/\/www.caririemacao.com\/1\/wp-json\/wp\/v2\/posts"}],"about":[{"href":"https:\/\/www.caririemacao.com\/1\/wp-json\/wp\/v2\/types\/post"}],"author":[{"embeddable":true,"href":"https:\/\/www.caririemacao.com\/1\/wp-json\/wp\/v2\/users\/2"}],"replies":[{"embeddable":true,"href":"https:\/\/www.caririemacao.com\/1\/wp-json\/wp\/v2\/comments?post=38538"}],"version-history":[{"count":0,"href":"https:\/\/www.caririemacao.com\/1\/wp-json\/wp\/v2\/posts\/38538\/revisions"}],"wp:featuredmedia":[{"embeddable":true,"href":"https:\/\/www.caririemacao.com\/1\/wp-json\/wp\/v2\/media\/38539"}],"wp:attachment":[{"href":"https:\/\/www.caririemacao.com\/1\/wp-json\/wp\/v2\/media?parent=38538"}],"wp:term":[{"taxonomy":"category","embeddable":true,"href":"https:\/\/www.caririemacao.com\/1\/wp-json\/wp\/v2\/categories?post=38538"},{"taxonomy":"post_tag","embeddable":true,"href":"https:\/\/www.caririemacao.com\/1\/wp-json\/wp\/v2\/tags?post=38538"}],"curies":[{"name":"wp","href":"https:\/\/api.w.org\/{rel}","templated":true}]}}