{"id":38541,"date":"2018-01-23T23:54:53","date_gmt":"2018-01-24T02:54:53","guid":{"rendered":"http:\/\/caririemacao.com\/1\/?p=38541"},"modified":"2018-01-24T00:09:03","modified_gmt":"2018-01-24T03:09:03","slug":"seguranca-ja-isola-trf-onde-lula-sera-julgado-o-que-voce-precisa-ler","status":"publish","type":"post","link":"https:\/\/www.caririemacao.com\/1\/2018\/01\/23\/seguranca-ja-isola-trf-onde-lula-sera-julgado-o-que-voce-precisa-ler\/","title":{"rendered":"Seguran\u00e7a j\u00e1 isola TRF onde Lula ser\u00e1 julgado; o que voc\u00ea precisa ler"},"content":{"rendered":"<p>A regi\u00e3o no entorno do TRF-4 (Tribunal Regional Federal da 4\u00aa Regi\u00e3o), em Porto Alegre, come\u00e7ou a ser isolada no in\u00edcio da tarde desta ter\u00e7a-feira (23) como parte do esquema de seguran\u00e7a para o julgamento do ex-presidente Luiz In\u00e1cio Lula da Silva (PT), marcado para esta quarta (24).<\/p>\n<p>Em discurso em defesa ao ex-presidente Luiz In\u00e1cio Lula da Silva (PT), a ex-presidente Dilma Rousseff (PT) disse que &#8220;est\u00e1 claro que h\u00e1 uma crescente indigna\u00e7\u00e3o&#8221; contra o julgamento de Lula, e comparou a situa\u00e7\u00e3o de seu antecessor no cargo com a que envolve seu sucessor e vice, o atual presidente, Michel Temer (PMDB). &#8220;Porque\u00a0o Lula est\u00e1 sendo condenado sendo inocente. Enquanto isso outros, com grava\u00e7\u00f5es, com mala de dinheiro, subindo e descendo, est\u00e3o protegidos e podem concorrer livremente e n\u00e3o est\u00e3o submetidos \u00e0 Justi\u00e7a&#8221;, disse a ex-presidente.<\/p>\n<div>Ap\u00f3s registrar longas filas em busca da vacina da febre amarela, al\u00e9m de casos de desabastecimento, a Prefeitura de S\u00e3o Paulo passar\u00e1 a distribuir senhas nas casas dos paulistanos na pr\u00f3xima fase da campanha de vacina\u00e7\u00e3o, que foi antecipada para quinta-feira, dia 25. Anteriormente, a gest\u00e3o municipal havia informado que a imuniza\u00e7\u00e3o ocorreria a partir de sexta-feira, 26, por causa do feriado dos 464 anos do Munic\u00edpio. No interior, v\u00e1rias cidades tamb\u00e9m alteraram esquema de imuniza\u00e7\u00e3o.<\/div>\n<div><\/div>\n<div>O ex-secret\u00e1rio municipal de Obras do Rio de Janeiro Alexandre Pinto, preso nesta ter\u00e7a-feira (23) na Opera\u00e7\u00e3o M\u00e3os \u00e0 Obra, nova etapa da Lava Jato, usou os nomes da m\u00e3e e dos filhos para lavar ao menos R$ 6 milh\u00f5es de propina, com transa\u00e7\u00f5es efetuadas no Brasil e no exterior.<\/div>\n<div>\n<p>O naufr\u00e1gio da lancha Cavalo Marinho I, que afundou em setembro do ano passado deixando 19 mortos na Bahia, teve como principal causa a neglig\u00eancia e a imprud\u00eancia dos respons\u00e1veis pela embarca\u00e7\u00e3o.<\/p>\n<p><strong>CARIRI EM A\u00c7\u00c3O<\/strong><\/p>\n<p><em>Com Uol\/Foto:Divulga\u00e7\u00e3o \u00a0<\/em><\/p>\n<p><strong>Leia mais not\u00edcias em\u00a0<\/strong><a href=\"http:\/\/www.caririemacao.com\/\"><strong>caririemacao.com<\/strong><\/a><strong>, siga nossa p\u00e1gina no\u00a0<\/strong><a href=\"https:\/\/www.facebook.com\/CaririEmAcao\/?ref=aymt_homepage_panel\"><strong>Facebook<\/strong><\/a>,<strong>\u00a0<\/strong><a href=\"https:\/\/www.instagram.com\/cariri_em_acao\/?hl=pt-br\"><strong>Instagram<\/strong><\/a><strong>\u00a0e <\/strong><a href=\"https:\/\/www.youtube.com\/channel\/UCAptA0jQuYQy8vMhLt2m4qg\"><strong>Youtube<\/strong><\/a><strong>\u00a0e veja nossas mat\u00e9rias, v\u00eddeos e fotos. Voc\u00ea tamb\u00e9m pode enviar informa\u00e7\u00f5es \u00e0 Reda\u00e7\u00e3o do Portal Cariri em A\u00e7\u00e3o pelo WhatsApp (83) 9 9634.5791, (83) 9 9601-1162.<\/strong><\/p>\n<\/div>\n","protected":false},"excerpt":{"rendered":"<p>A regi\u00e3o no entorno do TRF-4 (Tribunal Regional Federal da 4\u00aa Regi\u00e3o), em Porto Alegre, come\u00e7ou a ser isolada no in\u00edcio da tarde desta ter\u00e7a-feira&hellip; <\/p>\n","protected":false},"author":2,"featured_media":38547,"comment_status":"closed","ping_status":"closed","sticky":false,"template":"","format":"standard","meta":{"sfsi_plus_gutenberg_text_before_share":"","sfsi_plus_gutenberg_show_text_before_share":"","sfsi_plus_gutenberg_icon_type":"","sfsi_plus_gutenberg_icon_alignemt":"","sfsi_plus_gutenburg_max_per_row":"","footnotes":""},"categories":[2],"tags":[],"class_list":["post-38541","post","type-post","status-publish","format-standard","has-post-thumbnail","hentry","category-geral"],"_links":{"self":[{"href":"https:\/\/www.caririemacao.com\/1\/wp-json\/wp\/v2\/posts\/38541","targetHints":{"allow":["GET"]}}],"collection":[{"href":"https:\/\/www.caririemacao.com\/1\/wp-json\/wp\/v2\/posts"}],"about":[{"href":"https:\/\/www.caririemacao.com\/1\/wp-json\/wp\/v2\/types\/post"}],"author":[{"embeddable":true,"href":"https:\/\/www.caririemacao.com\/1\/wp-json\/wp\/v2\/users\/2"}],"replies":[{"embeddable":true,"href":"https:\/\/www.caririemacao.com\/1\/wp-json\/wp\/v2\/comments?post=38541"}],"version-history":[{"count":0,"href":"https:\/\/www.caririemacao.com\/1\/wp-json\/wp\/v2\/posts\/38541\/revisions"}],"wp:featuredmedia":[{"embeddable":true,"href":"https:\/\/www.caririemacao.com\/1\/wp-json\/wp\/v2\/media\/38547"}],"wp:attachment":[{"href":"https:\/\/www.caririemacao.com\/1\/wp-json\/wp\/v2\/media?parent=38541"}],"wp:term":[{"taxonomy":"category","embeddable":true,"href":"https:\/\/www.caririemacao.com\/1\/wp-json\/wp\/v2\/categories?post=38541"},{"taxonomy":"post_tag","embeddable":true,"href":"https:\/\/www.caririemacao.com\/1\/wp-json\/wp\/v2\/tags?post=38541"}],"curies":[{"name":"wp","href":"https:\/\/api.w.org\/{rel}","templated":true}]}}