{"id":38548,"date":"2018-01-23T20:55:45","date_gmt":"2018-01-23T23:55:45","guid":{"rendered":"http:\/\/caririemacao.com\/1\/?p=38548"},"modified":"2018-01-23T23:59:59","modified_gmt":"2018-01-24T02:59:59","slug":"raquel-dodge-denuncia-vice-lider-do-governo-por-sonegacao","status":"publish","type":"post","link":"https:\/\/www.caririemacao.com\/1\/2018\/01\/23\/raquel-dodge-denuncia-vice-lider-do-governo-por-sonegacao\/","title":{"rendered":"Raquel Dodge denuncia vice-l\u00edder do governo por sonega\u00e7\u00e3o"},"content":{"rendered":"<p>A procuradora-geral da Rep\u00fablica,\u00a0Raquel Dodge, apresentou nesta ter\u00e7a-feira uma den\u00fancia contra o Supremo Tribunal Federal (STF) contra o vice-l\u00edder do governo na C\u00e2mara dos Deputados,\u00a0Beto Mansur\u00a0(PRB-SP), por crime contra a ordem tribut\u00e1ria. Beto Mansur \u00e9 acusado de ter omitido informa\u00e7\u00f5es de seu Imposto de Renda em 2003, o que teria causado um preju\u00edzo de R$ 796 mil.<\/p>\n<p>A pena prevista para o crime \u00e9 de dois a cinco anos de pris\u00e3o. Raquel Dodge pediu ainda para o parlamentar perder o mandato e reparar o dano causado, \u201cacrescido de juros de mora e de corre\u00e7\u00e3o monet\u00e1ria\u201d. O relator do inqu\u00e9rito \u00e9 o ministro Lu\u00eds Roberto Barroso.<\/p>\n<p>A defesa de Mansur ser\u00e1 notificada e ter\u00e1 15 dias para se manifestar no processo. O GLOBO ainda n\u00e3o conseguiu entrar em contato com o deputado, que est\u00e1 em Davos, na Su\u00ed\u00e7a, acompanhando o presidente Michel Temer no F\u00f3rum Econ\u00f4mico Mundial.<\/p>\n<p><strong>CARIRI EM A\u00c7\u00c3O<\/strong><\/p>\n<p><em>Com Ag\u00eancia O Globo\/Foto: Reuters\/Ueslei Marcelino<\/em><\/p>\n<p><strong>Leia mais not\u00edcias em\u00a0<\/strong><a href=\"http:\/\/www.caririemacao.com\/\"><strong>caririemacao.com<\/strong><\/a><strong>, siga nossa p\u00e1gina no\u00a0<\/strong><a href=\"https:\/\/www.facebook.com\/CaririEmAcao\/?ref=aymt_homepage_panel\"><strong>Facebook<\/strong><\/a>,<strong>\u00a0<\/strong><a href=\"https:\/\/www.instagram.com\/cariri_em_acao\/?hl=pt-br\"><strong>Instagram<\/strong><\/a><strong>\u00a0e <\/strong><a href=\"https:\/\/www.youtube.com\/channel\/UCAptA0jQuYQy8vMhLt2m4qg\"><strong>Youtube<\/strong><\/a><strong>\u00a0e veja nossas mat\u00e9rias, v\u00eddeos e fotos. Voc\u00ea tamb\u00e9m pode enviar informa\u00e7\u00f5es \u00e0 Reda\u00e7\u00e3o do Portal Cariri em A\u00e7\u00e3o pelo WhatsApp (83) 9 9634.5791, (83) 9 9601-1162.<\/strong><\/p>\n","protected":false},"excerpt":{"rendered":"<p>A procuradora-geral da Rep\u00fablica,\u00a0Raquel Dodge, apresentou nesta ter\u00e7a-feira uma den\u00fancia contra o Supremo Tribunal Federal (STF) contra o vice-l\u00edder do governo na C\u00e2mara dos Deputados,\u00a0Beto&hellip; <\/p>\n","protected":false},"author":2,"featured_media":38549,"comment_status":"closed","ping_status":"closed","sticky":false,"template":"","format":"standard","meta":{"sfsi_plus_gutenberg_text_before_share":"","sfsi_plus_gutenberg_show_text_before_share":"","sfsi_plus_gutenberg_icon_type":"","sfsi_plus_gutenberg_icon_alignemt":"","sfsi_plus_gutenburg_max_per_row":"","footnotes":""},"categories":[11],"tags":[],"class_list":["post-38548","post","type-post","status-publish","format-standard","has-post-thumbnail","hentry","category-politica"],"_links":{"self":[{"href":"https:\/\/www.caririemacao.com\/1\/wp-json\/wp\/v2\/posts\/38548","targetHints":{"allow":["GET"]}}],"collection":[{"href":"https:\/\/www.caririemacao.com\/1\/wp-json\/wp\/v2\/posts"}],"about":[{"href":"https:\/\/www.caririemacao.com\/1\/wp-json\/wp\/v2\/types\/post"}],"author":[{"embeddable":true,"href":"https:\/\/www.caririemacao.com\/1\/wp-json\/wp\/v2\/users\/2"}],"replies":[{"embeddable":true,"href":"https:\/\/www.caririemacao.com\/1\/wp-json\/wp\/v2\/comments?post=38548"}],"version-history":[{"count":0,"href":"https:\/\/www.caririemacao.com\/1\/wp-json\/wp\/v2\/posts\/38548\/revisions"}],"wp:featuredmedia":[{"embeddable":true,"href":"https:\/\/www.caririemacao.com\/1\/wp-json\/wp\/v2\/media\/38549"}],"wp:attachment":[{"href":"https:\/\/www.caririemacao.com\/1\/wp-json\/wp\/v2\/media?parent=38548"}],"wp:term":[{"taxonomy":"category","embeddable":true,"href":"https:\/\/www.caririemacao.com\/1\/wp-json\/wp\/v2\/categories?post=38548"},{"taxonomy":"post_tag","embeddable":true,"href":"https:\/\/www.caririemacao.com\/1\/wp-json\/wp\/v2\/tags?post=38548"}],"curies":[{"name":"wp","href":"https:\/\/api.w.org\/{rel}","templated":true}]}}