{"id":38557,"date":"2018-01-24T06:07:08","date_gmt":"2018-01-24T09:07:08","guid":{"rendered":"http:\/\/caririemacao.com\/1\/?p=38557"},"modified":"2018-01-24T06:07:08","modified_gmt":"2018-01-24T09:07:08","slug":"confira-o-radar-da-selecao-brasileira-na-europa","status":"publish","type":"post","link":"https:\/\/www.caririemacao.com\/1\/2018\/01\/24\/confira-o-radar-da-selecao-brasileira-na-europa\/","title":{"rendered":"Confira o radar da Sele\u00e7\u00e3o Brasileira na Europa"},"content":{"rendered":"<p>Prestes a fazer mais uma convoca\u00e7\u00e3o para amistosos da\u00a0Sele\u00e7\u00e3o Brasileira, o t\u00e9cnico Tite deve receber nesta semana um relat\u00f3rio sobre a \u00faltima viagem do auxiliar Cleber Xaiver e de Fernando L\u00e1zaro, coordenador do Centro de Pesquisa e An\u00e1lise da CBF. Os dois visitaram treinamentos e assistiram a partidas na Inglaterra, Fran\u00e7a e na Turquia. E o Nacional na Copa traz informa\u00e7\u00f5es sobre o que a comiss\u00e3o t\u00e9cnica brasileira acompanhou.<\/p>\n<p><strong>CARIRI EM A\u00c7\u00c3O<\/strong><\/p>\n<p><em>Com Ebc \/Foto:\u00a0Ebc<\/em><\/p>\n<p><strong>Leia mais not\u00edcias em\u00a0<\/strong><a href=\"http:\/\/www.caririemacao.com\/\"><strong>caririemacao.com<\/strong><\/a><strong>, siga nossa p\u00e1gina no\u00a0<\/strong><a href=\"https:\/\/www.facebook.com\/CaririEmAcao\/?ref=aymt_homepage_panel\"><strong>Facebook<\/strong><\/a>,<strong>\u00a0<\/strong><a href=\"https:\/\/www.instagram.com\/cariri_em_acao\/?hl=pt-br\"><strong>Instagram<\/strong><\/a><strong>\u00a0e\u00a0<\/strong><a href=\"https:\/\/www.youtube.com\/channel\/UCAptA0jQuYQy8vMhLt2m4qg\"><strong>Youtube<\/strong><\/a><strong>\u00a0e veja nossas mat\u00e9rias, v\u00eddeos e fotos. Voc\u00ea tamb\u00e9m pode enviar informa\u00e7\u00f5es \u00e0 Reda\u00e7\u00e3o do Portal Cariri em A\u00e7\u00e3o pelo WhatsApp (83) 9 9634.5791, (83) 9 9601-1162.<\/strong><\/p>\n","protected":false},"excerpt":{"rendered":"<p>Prestes a fazer mais uma convoca\u00e7\u00e3o para amistosos da\u00a0Sele\u00e7\u00e3o Brasileira, o t\u00e9cnico Tite deve receber nesta semana um relat\u00f3rio sobre a \u00faltima viagem do auxiliar&hellip; <\/p>\n","protected":false},"author":2,"featured_media":38558,"comment_status":"closed","ping_status":"closed","sticky":false,"template":"","format":"standard","meta":{"sfsi_plus_gutenberg_text_before_share":"","sfsi_plus_gutenberg_show_text_before_share":"","sfsi_plus_gutenberg_icon_type":"","sfsi_plus_gutenberg_icon_alignemt":"","sfsi_plus_gutenburg_max_per_row":"","footnotes":""},"categories":[13],"tags":[],"class_list":["post-38557","post","type-post","status-publish","format-standard","has-post-thumbnail","hentry","category-esportes"],"_links":{"self":[{"href":"https:\/\/www.caririemacao.com\/1\/wp-json\/wp\/v2\/posts\/38557","targetHints":{"allow":["GET"]}}],"collection":[{"href":"https:\/\/www.caririemacao.com\/1\/wp-json\/wp\/v2\/posts"}],"about":[{"href":"https:\/\/www.caririemacao.com\/1\/wp-json\/wp\/v2\/types\/post"}],"author":[{"embeddable":true,"href":"https:\/\/www.caririemacao.com\/1\/wp-json\/wp\/v2\/users\/2"}],"replies":[{"embeddable":true,"href":"https:\/\/www.caririemacao.com\/1\/wp-json\/wp\/v2\/comments?post=38557"}],"version-history":[{"count":0,"href":"https:\/\/www.caririemacao.com\/1\/wp-json\/wp\/v2\/posts\/38557\/revisions"}],"wp:featuredmedia":[{"embeddable":true,"href":"https:\/\/www.caririemacao.com\/1\/wp-json\/wp\/v2\/media\/38558"}],"wp:attachment":[{"href":"https:\/\/www.caririemacao.com\/1\/wp-json\/wp\/v2\/media?parent=38557"}],"wp:term":[{"taxonomy":"category","embeddable":true,"href":"https:\/\/www.caririemacao.com\/1\/wp-json\/wp\/v2\/categories?post=38557"},{"taxonomy":"post_tag","embeddable":true,"href":"https:\/\/www.caririemacao.com\/1\/wp-json\/wp\/v2\/tags?post=38557"}],"curies":[{"name":"wp","href":"https:\/\/api.w.org\/{rel}","templated":true}]}}