{"id":38563,"date":"2018-01-24T06:20:05","date_gmt":"2018-01-24T09:20:05","guid":{"rendered":"http:\/\/caririemacao.com\/1\/?p=38563"},"modified":"2018-01-24T06:20:05","modified_gmt":"2018-01-24T09:20:05","slug":"passagem-de-onibus-sera-r-330-a-partir-desta-quarta","status":"publish","type":"post","link":"https:\/\/www.caririemacao.com\/1\/2018\/01\/24\/passagem-de-onibus-sera-r-330-a-partir-desta-quarta\/","title":{"rendered":"Passagem de \u00f4nibus ser\u00e1 R$ 3,30 a partir desta quarta"},"content":{"rendered":"<p>O Conselho Municipal de Transportes P\u00fablicos (COMUTP) de Campina Grande reuniu-se \u00e0 tarde de ontem\u00a0(23) e definiu que a nova tarifa de transporte urbano na cidade deve ser de R$ 3,30. O Sitrans (Sindicato das Empresas de Transportes de Passageiros) queria R$ 3,40. A Prefeitura manteve os valores aprovados pelo conselho tarif\u00e1rio que entra em vigor j\u00e1 nesta quarta-feira, 24 de janeiro.<\/p>\n<p>O prefeito Romero Rodrigues exigiu como contrapartida o compromisso de renova\u00e7\u00e3o de frota com a entrada de mais 14 novos \u00f4nibus, a constru\u00e7\u00e3o de 50 abrigos e a retirada do sistema de todos os carros com mais de 10 anos de uso num prazo de 120 dias.<\/p>\n<p>Al\u00e9m disso, para melhorar seguran\u00e7a dos passageiros, ser\u00e1 constru\u00edda uma base da pol\u00edcia Militar no Terminal de Integra\u00e7\u00e3o da cidade. \u201cEsperamos que essas a\u00e7\u00f5es traga mais conforto para os usu\u00e1rios do transporte p\u00fablico de Campina Grande\u201d, diz o superintendente de Tr\u00e2nsito e Transportes P\u00fablicos de Campina Grande, Felix Ara\u00fajo Neto.<\/p>\n<p>O valor determinado, segundo as planilhas de custo apurado pela Superintend\u00eancia de Tr\u00e2nsito e Transportes P\u00fablicos (STTP), levou em conta, principalmente, os elevados aumentos dos custos do \u00f3leo diesel, com pessoal e com a manuten\u00e7\u00e3o dos ve\u00edculos.<\/p>\n<p><strong>CARIRI EM A\u00c7\u00c3O<\/strong><\/p>\n<p><em>Com Mais PB\/Foto: Reprodu\u00e7\u00e3o Internet<\/em><\/p>\n<p><strong>Leia mais not\u00edcias em\u00a0<\/strong><a href=\"http:\/\/www.caririemacao.com\/\"><strong>caririemacao.com<\/strong><\/a><strong>, siga nossa p\u00e1gina no\u00a0<\/strong><a href=\"https:\/\/www.facebook.com\/CaririEmAcao\/?ref=aymt_homepage_panel\"><strong>Facebook<\/strong><\/a>,<strong>\u00a0<\/strong><a href=\"https:\/\/www.instagram.com\/cariri_em_acao\/?hl=pt-br\"><strong>Instagram<\/strong><\/a><strong>\u00a0e\u00a0<\/strong><a href=\"https:\/\/www.youtube.com\/channel\/UCAptA0jQuYQy8vMhLt2m4qg\"><strong>Youtube<\/strong><\/a><strong>\u00a0e veja nossas mat\u00e9rias, v\u00eddeos e fotos. Voc\u00ea tamb\u00e9m pode enviar informa\u00e7\u00f5es \u00e0 Reda\u00e7\u00e3o do Portal Cariri em A\u00e7\u00e3o pelo WhatsApp (83) 9 9634.5791, (83) 9 9601-1162.<\/strong><\/p>\n","protected":false},"excerpt":{"rendered":"<p>O Conselho Municipal de Transportes P\u00fablicos (COMUTP) de Campina Grande reuniu-se \u00e0 tarde de ontem\u00a0(23) e definiu que a nova tarifa de transporte urbano na&hellip; <\/p>\n","protected":false},"author":2,"featured_media":38564,"comment_status":"closed","ping_status":"closed","sticky":false,"template":"","format":"standard","meta":{"sfsi_plus_gutenberg_text_before_share":"","sfsi_plus_gutenberg_show_text_before_share":"","sfsi_plus_gutenberg_icon_type":"","sfsi_plus_gutenberg_icon_alignemt":"","sfsi_plus_gutenburg_max_per_row":"","footnotes":""},"categories":[2],"tags":[],"class_list":["post-38563","post","type-post","status-publish","format-standard","has-post-thumbnail","hentry","category-geral"],"_links":{"self":[{"href":"https:\/\/www.caririemacao.com\/1\/wp-json\/wp\/v2\/posts\/38563","targetHints":{"allow":["GET"]}}],"collection":[{"href":"https:\/\/www.caririemacao.com\/1\/wp-json\/wp\/v2\/posts"}],"about":[{"href":"https:\/\/www.caririemacao.com\/1\/wp-json\/wp\/v2\/types\/post"}],"author":[{"embeddable":true,"href":"https:\/\/www.caririemacao.com\/1\/wp-json\/wp\/v2\/users\/2"}],"replies":[{"embeddable":true,"href":"https:\/\/www.caririemacao.com\/1\/wp-json\/wp\/v2\/comments?post=38563"}],"version-history":[{"count":0,"href":"https:\/\/www.caririemacao.com\/1\/wp-json\/wp\/v2\/posts\/38563\/revisions"}],"wp:featuredmedia":[{"embeddable":true,"href":"https:\/\/www.caririemacao.com\/1\/wp-json\/wp\/v2\/media\/38564"}],"wp:attachment":[{"href":"https:\/\/www.caririemacao.com\/1\/wp-json\/wp\/v2\/media?parent=38563"}],"wp:term":[{"taxonomy":"category","embeddable":true,"href":"https:\/\/www.caririemacao.com\/1\/wp-json\/wp\/v2\/categories?post=38563"},{"taxonomy":"post_tag","embeddable":true,"href":"https:\/\/www.caririemacao.com\/1\/wp-json\/wp\/v2\/tags?post=38563"}],"curies":[{"name":"wp","href":"https:\/\/api.w.org\/{rel}","templated":true}]}}