{"id":38566,"date":"2018-01-24T06:23:43","date_gmt":"2018-01-24T09:23:43","guid":{"rendered":"http:\/\/caririemacao.com\/1\/?p=38566"},"modified":"2018-01-24T06:23:43","modified_gmt":"2018-01-24T09:23:43","slug":"tribunal-regional-eleitoral-cancela-cerca-de-120-mil-titulos-na-paraiba","status":"publish","type":"post","link":"https:\/\/www.caririemacao.com\/1\/2018\/01\/24\/tribunal-regional-eleitoral-cancela-cerca-de-120-mil-titulos-na-paraiba\/","title":{"rendered":"Tribunal Regional Eleitoral cancela cerca de 120 mil t\u00edtulos na Para\u00edba"},"content":{"rendered":"<p>Cerca de 120 mil eleitores na Para\u00edba tiveram seus t\u00edtulos cancelados desde essa segunda-feira (22) porque n\u00e3o fizeram o recadastramento biom\u00e9trico em 2017. A informa\u00e7\u00e3o foi divulgada, nesta ter\u00e7a-feira (23), durante entrevista coletiva no Tribunal Regional Eleitoral.<\/p>\n<p>De acordo Andr\u00e9 Soares Cavalcanti, diretor-geral do Tribunal Regional Eleitoral da Para\u00edba,\u00a0 os eleitores que tiveram os t\u00edtulos cancelados devem tirar novo documento at\u00e9 o dia 9 de maio para poder votar nas elei\u00e7\u00f5es 2018.<\/p>\n<p>Entretanto, quem faz\u00a0 parte das 14 zonas que foram extintas por causa do rezoneamento s\u00f3 devem procurar a Justi\u00e7a Eleitoral a partir do dia 8 de fevereiro quando os postos voltam ao funcionamento.<\/p>\n<p>\u201cEle n\u00e3o vai poder fazer aquelas atualiza\u00e7\u00f5es no cadastro como alistamento, transfer\u00eancia e revis\u00e3o. Ele vai poder fazer a partir do dia oito de fevereiro quando a gente regularizar o atendimento\u201d, afirmou.<\/p>\n<p><strong>CARIRI EM A\u00c7\u00c3O<\/strong><\/p>\n<p><em>Com MaisPB\/Foto: Reprodu\u00e7\u00e3o Internet<\/em><\/p>\n<p><strong>Leia mais not\u00edcias em\u00a0<\/strong><a href=\"http:\/\/www.caririemacao.com\/\"><strong>caririemacao.com<\/strong><\/a><strong>, siga nossa p\u00e1gina no\u00a0<\/strong><a href=\"https:\/\/www.facebook.com\/CaririEmAcao\/?ref=aymt_homepage_panel\"><strong>Facebook<\/strong><\/a>,<strong>\u00a0<\/strong><a href=\"https:\/\/www.instagram.com\/cariri_em_acao\/?hl=pt-br\"><strong>Instagram<\/strong><\/a><strong>\u00a0e\u00a0<\/strong><a href=\"https:\/\/www.youtube.com\/channel\/UCAptA0jQuYQy8vMhLt2m4qg\"><strong>Youtube<\/strong><\/a><strong>\u00a0e veja nossas mat\u00e9rias, v\u00eddeos e fotos. Voc\u00ea tamb\u00e9m pode enviar informa\u00e7\u00f5es \u00e0 Reda\u00e7\u00e3o do Portal Cariri em A\u00e7\u00e3o pelo WhatsApp (83) 9 9634.5791, (83) 9 9601-1162.<\/strong><\/p>\n","protected":false},"excerpt":{"rendered":"<p>Cerca de 120 mil eleitores na Para\u00edba tiveram seus t\u00edtulos cancelados desde essa segunda-feira (22) porque n\u00e3o fizeram o recadastramento biom\u00e9trico em 2017. A informa\u00e7\u00e3o&hellip; <\/p>\n","protected":false},"author":2,"featured_media":38567,"comment_status":"closed","ping_status":"closed","sticky":false,"template":"","format":"standard","meta":{"sfsi_plus_gutenberg_text_before_share":"","sfsi_plus_gutenberg_show_text_before_share":"","sfsi_plus_gutenberg_icon_type":"","sfsi_plus_gutenberg_icon_alignemt":"","sfsi_plus_gutenburg_max_per_row":"","footnotes":""},"categories":[2],"tags":[],"class_list":["post-38566","post","type-post","status-publish","format-standard","has-post-thumbnail","hentry","category-geral"],"_links":{"self":[{"href":"https:\/\/www.caririemacao.com\/1\/wp-json\/wp\/v2\/posts\/38566","targetHints":{"allow":["GET"]}}],"collection":[{"href":"https:\/\/www.caririemacao.com\/1\/wp-json\/wp\/v2\/posts"}],"about":[{"href":"https:\/\/www.caririemacao.com\/1\/wp-json\/wp\/v2\/types\/post"}],"author":[{"embeddable":true,"href":"https:\/\/www.caririemacao.com\/1\/wp-json\/wp\/v2\/users\/2"}],"replies":[{"embeddable":true,"href":"https:\/\/www.caririemacao.com\/1\/wp-json\/wp\/v2\/comments?post=38566"}],"version-history":[{"count":0,"href":"https:\/\/www.caririemacao.com\/1\/wp-json\/wp\/v2\/posts\/38566\/revisions"}],"wp:featuredmedia":[{"embeddable":true,"href":"https:\/\/www.caririemacao.com\/1\/wp-json\/wp\/v2\/media\/38567"}],"wp:attachment":[{"href":"https:\/\/www.caririemacao.com\/1\/wp-json\/wp\/v2\/media?parent=38566"}],"wp:term":[{"taxonomy":"category","embeddable":true,"href":"https:\/\/www.caririemacao.com\/1\/wp-json\/wp\/v2\/categories?post=38566"},{"taxonomy":"post_tag","embeddable":true,"href":"https:\/\/www.caririemacao.com\/1\/wp-json\/wp\/v2\/tags?post=38566"}],"curies":[{"name":"wp","href":"https:\/\/api.w.org\/{rel}","templated":true}]}}