{"id":38569,"date":"2018-01-24T06:27:50","date_gmt":"2018-01-24T09:27:50","guid":{"rendered":"http:\/\/caririemacao.com\/1\/?p=38569"},"modified":"2018-01-24T06:27:50","modified_gmt":"2018-01-24T09:27:50","slug":"ifpb-inscreve-para-200-vagas-no-curso-de-letras","status":"publish","type":"post","link":"https:\/\/www.caririemacao.com\/1\/2018\/01\/24\/ifpb-inscreve-para-200-vagas-no-curso-de-letras\/","title":{"rendered":"IFPB inscreve para 200 vagas no curso de Letras"},"content":{"rendered":"<p>As inscri\u00e7\u00f5es para o Processo Seletivo 2018.1 de estudantes do curso superior de Licenciatura em Letras do IFPB est\u00e3o abertas. Os interessados t\u00eam at\u00e9 08 de fevereiro para efetuar a inscri\u00e7\u00e3o. Est\u00e3o sendo ofertadas 200 vagas divididas igualmente entre os polos de Jo\u00e3o Pessoa, Campina Grande, Picu\u00ed e Sousa.<\/p>\n<p>A gradua\u00e7\u00e3o \u00e9 com Habilita\u00e7\u00e3o em L\u00edngua Portuguesa na modalidade \u00e0 dist\u00e2ncia. A inscri\u00e7\u00e3o \u00e9 feita online, mas \u00e9 preciso entregar a documenta\u00e7\u00e3o exigida no Polo. Acesse aqui a \u00e1rea de inscri\u00e7\u00e3o com o Edital\u00a0https:\/\/estudante.ifpb.edu.br\/processoseletivo\/processo\/5\/edicao\/86\/<\/p>\n<p>H\u00e1 duas formas de sele\u00e7\u00e3o distintas: uma voltada para professores da Rede P\u00fablica de Ensino e outra mediante a nota do Exame Nacional do Ensino M\u00e9dio. Pode ser utilizada a nota do Enem 2015, 2016 ou 2017.<\/p>\n<p>H\u00e1 cota para estudantes egressos de escola p\u00fablica e dentre essa metade \u00e9 reservada para quem tem renda familiar per capita de at\u00e9 1,5 sal\u00e1rio m\u00ednimo mensal. Nessa cota de renda, h\u00e1 reserva de vaga para pessoas negras, pardas ou ind\u00edgenas. H\u00e1 ainda reserva de vagas para pessoas com defici\u00eancia. Apenas no Campus Sousa, h\u00e1 cota de 20% para quem vive em assentamento de reforma agr\u00e1ria.<\/p>\n<p>A partir de 19 de fevereiro, ser\u00e1 divulgada a lista de inscritos. Ainda poder\u00e3o ser interpostos recursos para as inscri\u00e7\u00f5es n\u00e3o homologadas no dia 9 de mar\u00e7o. O resultado final deve ser publicado no dia 13 de mar\u00e7o.<\/p>\n<p>As matr\u00edculas est\u00e3o previstas para 19 a 21 de mar\u00e7o. O in\u00edcio das aulas est\u00e1 previsto para 17 de abril. O cronograma completo est\u00e1 no edital.<\/p>\n<p><strong>CARIRI EM A\u00c7\u00c3O<\/strong><\/p>\n<p><em>Com Mais PB\/Foto: Reprodu\u00e7\u00e3o Internet<\/em><\/p>\n<p><strong>Leia mais not\u00edcias em\u00a0<\/strong><a href=\"http:\/\/www.caririemacao.com\/\"><strong>caririemacao.com<\/strong><\/a><strong>, siga nossa p\u00e1gina no\u00a0<\/strong><a href=\"https:\/\/www.facebook.com\/CaririEmAcao\/?ref=aymt_homepage_panel\"><strong>Facebook<\/strong><\/a>,<strong>\u00a0<\/strong><a href=\"https:\/\/www.instagram.com\/cariri_em_acao\/?hl=pt-br\"><strong>Instagram<\/strong><\/a><strong>\u00a0e\u00a0<\/strong><a href=\"https:\/\/www.youtube.com\/channel\/UCAptA0jQuYQy8vMhLt2m4qg\"><strong>Youtube<\/strong><\/a><strong>\u00a0e veja nossas mat\u00e9rias, v\u00eddeos e fotos. Voc\u00ea tamb\u00e9m pode enviar informa\u00e7\u00f5es \u00e0 Reda\u00e7\u00e3o do Portal Cariri em A\u00e7\u00e3o pelo WhatsApp (83) 9 9634.5791, (83) 9 9601-1162.<\/strong><\/p>\n","protected":false},"excerpt":{"rendered":"<p>As inscri\u00e7\u00f5es para o Processo Seletivo 2018.1 de estudantes do curso superior de Licenciatura em Letras do IFPB est\u00e3o abertas. Os interessados t\u00eam at\u00e9 08&hellip; <\/p>\n","protected":false},"author":2,"featured_media":38570,"comment_status":"closed","ping_status":"closed","sticky":false,"template":"","format":"standard","meta":{"sfsi_plus_gutenberg_text_before_share":"","sfsi_plus_gutenberg_show_text_before_share":"","sfsi_plus_gutenberg_icon_type":"","sfsi_plus_gutenberg_icon_alignemt":"","sfsi_plus_gutenburg_max_per_row":"","footnotes":""},"categories":[14],"tags":[],"class_list":["post-38569","post","type-post","status-publish","format-standard","has-post-thumbnail","hentry","category-educacao"],"_links":{"self":[{"href":"https:\/\/www.caririemacao.com\/1\/wp-json\/wp\/v2\/posts\/38569","targetHints":{"allow":["GET"]}}],"collection":[{"href":"https:\/\/www.caririemacao.com\/1\/wp-json\/wp\/v2\/posts"}],"about":[{"href":"https:\/\/www.caririemacao.com\/1\/wp-json\/wp\/v2\/types\/post"}],"author":[{"embeddable":true,"href":"https:\/\/www.caririemacao.com\/1\/wp-json\/wp\/v2\/users\/2"}],"replies":[{"embeddable":true,"href":"https:\/\/www.caririemacao.com\/1\/wp-json\/wp\/v2\/comments?post=38569"}],"version-history":[{"count":0,"href":"https:\/\/www.caririemacao.com\/1\/wp-json\/wp\/v2\/posts\/38569\/revisions"}],"wp:featuredmedia":[{"embeddable":true,"href":"https:\/\/www.caririemacao.com\/1\/wp-json\/wp\/v2\/media\/38570"}],"wp:attachment":[{"href":"https:\/\/www.caririemacao.com\/1\/wp-json\/wp\/v2\/media?parent=38569"}],"wp:term":[{"taxonomy":"category","embeddable":true,"href":"https:\/\/www.caririemacao.com\/1\/wp-json\/wp\/v2\/categories?post=38569"},{"taxonomy":"post_tag","embeddable":true,"href":"https:\/\/www.caririemacao.com\/1\/wp-json\/wp\/v2\/tags?post=38569"}],"curies":[{"name":"wp","href":"https:\/\/api.w.org\/{rel}","templated":true}]}}