{"id":38574,"date":"2018-01-24T06:35:22","date_gmt":"2018-01-24T09:35:22","guid":{"rendered":"http:\/\/caririemacao.com\/1\/?p=38574"},"modified":"2018-01-24T06:35:22","modified_gmt":"2018-01-24T09:35:22","slug":"policial-atira-em-casa-de-namorado-apos-ter-surto-psicotico-na-pb","status":"publish","type":"post","link":"https:\/\/www.caririemacao.com\/1\/2018\/01\/24\/policial-atira-em-casa-de-namorado-apos-ter-surto-psicotico-na-pb\/","title":{"rendered":"Policial atira em casa de namorado ap\u00f3s ter surto psic\u00f3tico na PB"},"content":{"rendered":"<div class=\"mc-column content-text active-extra-styles active-capital-letter\" data-block-type=\"unstyled\" data-block-weight=\"60\" data-block-id=\"2\">\n<p class=\"content-text__container theme-color-primary-first-letter\" data-track-category=\"Link no Texto\" data-track-links=\"\">Um soldado policial miliar do estado de Pernambuco de 35 anos foi presa depois de efetuar disparos na casa do namorado, na zona rural do munic\u00edpio de Puxinan\u00e3, no Agreste paraibano. O caso ocorreu nesta ter\u00e7a-feira (23) e, segundo a Pol\u00edcia Militar da Para\u00edba, ela sofreu um surto psic\u00f3tico durante uma briga entre o casal, que estaria terminando o relacionamento.<\/p>\n<\/div>\n<div class=\"mc-column content-text active-extra-styles \" data-block-type=\"unstyled\" data-block-weight=\"49\" data-block-id=\"3\">\n<p class=\"content-text__container \" data-track-category=\"Link no Texto\" data-track-links=\"\">Os disparos ocorreram dentro da propriedade do namorado da policial, um agricultor que mora no s\u00edtio V\u00e1rzea Salgada. Segundo a Pol\u00edcia Militar da Para\u00edba, a soldado estava armada com uma pistola e teria sofrido um surto psic\u00f3tico. Quando os militares chegaram ao local, perceberam que ela estava em crise.<\/p>\n<\/div>\n<div class=\"mc-column content-text active-extra-styles \" data-block-type=\"unstyled\" data-block-weight=\"72\" data-block-id=\"4\">\n<p class=\"content-text__container \" data-track-category=\"Link no Texto\" data-track-links=\"\">Segundo o major Samaroni, comandante do 15\u00ba Batalh\u00e3o da Pol\u00edcia Militar da Para\u00edba (15\u00baBPM), dentro da casa, a mulher se trancou em um quarto e dizia o tempo inteiro que n\u00e3o queria a presen\u00e7a da Pol\u00edcia Militar. Uma equipe do Grupo de Apoio T\u00e1tico Especial (Gate) foi acionada para negociar com a policial at\u00e9 que ela se entregasse. A ocorr\u00eancia durou cerca de 6 horas entre a manh\u00e3 e tarde desta ter\u00e7a-feira.<\/p>\n<\/div>\n<div data-track-category=\"fim do conteudo\" data-track-action=\"ultimo chunk conteudo\" data-track-noninteraction=\"false\" data-track-scroll=\"entrada completa viewport\">\n<div class=\"mc-column content-text active-extra-styles \" data-block-type=\"unstyled\" data-block-weight=\"58\" data-block-id=\"5\">\n<p class=\"content-text__container \" data-track-category=\"Link no Texto\" data-track-links=\"\">Depois de entregar a arma, a policial foi levada para Delegacia de Pol\u00edcia Civil de Esperan\u00e7a, no Brejo paraibano, onde foi feito um Termo Circunstanciado de Ocorr\u00eancia (TCO). A arma que ela usava foi apreendida ainda com cinco muni\u00e7\u00f5es. A policial de 35 anos \u00e9 lotada de um batalh\u00e3o da cidade de Santa Cruz do Capibaribe, em Penambuco.<\/p>\n<p><strong>CARIRI EM A\u00c7\u00c3O<\/strong><\/p>\n<p><em>Com G1 \/Foto:\u00a0Major Samaroni\/Pol\u00edcia Militar<\/em><\/p>\n<p><strong>Leia mais not\u00edcias em\u00a0<\/strong><a href=\"http:\/\/www.caririemacao.com\/\"><strong>caririemacao.com<\/strong><\/a><strong>, siga nossa p\u00e1gina no\u00a0<\/strong><a href=\"https:\/\/www.facebook.com\/CaririEmAcao\/?ref=aymt_homepage_panel\"><strong>Facebook<\/strong><\/a>,<strong>\u00a0<\/strong><a href=\"https:\/\/www.instagram.com\/cariri_em_acao\/?hl=pt-br\"><strong>Instagram<\/strong><\/a><strong>\u00a0e\u00a0<\/strong><a href=\"https:\/\/www.youtube.com\/channel\/UCAptA0jQuYQy8vMhLt2m4qg\"><strong>Youtube<\/strong><\/a><strong>\u00a0e veja nossas mat\u00e9rias, v\u00eddeos e fotos. Voc\u00ea tamb\u00e9m pode enviar informa\u00e7\u00f5es \u00e0 Reda\u00e7\u00e3o do Portal Cariri em A\u00e7\u00e3o pelo WhatsApp (83) 9 9634.5791, (83) 9 9601-1162.<\/strong><\/p>\n<\/div>\n<\/div>\n","protected":false},"excerpt":{"rendered":"<p>Um soldado policial miliar do estado de Pernambuco de 35 anos foi presa depois de efetuar disparos na casa do namorado, na zona rural do&hellip; <\/p>\n","protected":false},"author":2,"featured_media":38575,"comment_status":"closed","ping_status":"closed","sticky":false,"template":"","format":"standard","meta":{"sfsi_plus_gutenberg_text_before_share":"","sfsi_plus_gutenberg_show_text_before_share":"","sfsi_plus_gutenberg_icon_type":"","sfsi_plus_gutenberg_icon_alignemt":"","sfsi_plus_gutenburg_max_per_row":"","footnotes":""},"categories":[12],"tags":[],"class_list":["post-38574","post","type-post","status-publish","format-standard","has-post-thumbnail","hentry","category-policia"],"_links":{"self":[{"href":"https:\/\/www.caririemacao.com\/1\/wp-json\/wp\/v2\/posts\/38574","targetHints":{"allow":["GET"]}}],"collection":[{"href":"https:\/\/www.caririemacao.com\/1\/wp-json\/wp\/v2\/posts"}],"about":[{"href":"https:\/\/www.caririemacao.com\/1\/wp-json\/wp\/v2\/types\/post"}],"author":[{"embeddable":true,"href":"https:\/\/www.caririemacao.com\/1\/wp-json\/wp\/v2\/users\/2"}],"replies":[{"embeddable":true,"href":"https:\/\/www.caririemacao.com\/1\/wp-json\/wp\/v2\/comments?post=38574"}],"version-history":[{"count":0,"href":"https:\/\/www.caririemacao.com\/1\/wp-json\/wp\/v2\/posts\/38574\/revisions"}],"wp:featuredmedia":[{"embeddable":true,"href":"https:\/\/www.caririemacao.com\/1\/wp-json\/wp\/v2\/media\/38575"}],"wp:attachment":[{"href":"https:\/\/www.caririemacao.com\/1\/wp-json\/wp\/v2\/media?parent=38574"}],"wp:term":[{"taxonomy":"category","embeddable":true,"href":"https:\/\/www.caririemacao.com\/1\/wp-json\/wp\/v2\/categories?post=38574"},{"taxonomy":"post_tag","embeddable":true,"href":"https:\/\/www.caririemacao.com\/1\/wp-json\/wp\/v2\/tags?post=38574"}],"curies":[{"name":"wp","href":"https:\/\/api.w.org\/{rel}","templated":true}]}}