{"id":38580,"date":"2018-01-24T06:42:07","date_gmt":"2018-01-24T09:42:07","guid":{"rendered":"http:\/\/caririemacao.com\/1\/?p=38580"},"modified":"2018-01-24T06:42:07","modified_gmt":"2018-01-24T09:42:07","slug":"concurso-para-upas-e-samu-de-joao-pessoa-tem-banca-organizadora-definida","status":"publish","type":"post","link":"https:\/\/www.caririemacao.com\/1\/2018\/01\/24\/concurso-para-upas-e-samu-de-joao-pessoa-tem-banca-organizadora-definida\/","title":{"rendered":"Concurso para UPAs e Samu de Jo\u00e3o Pessoa tem banca organizadora definida"},"content":{"rendered":"<div class=\"mc-column content-text active-extra-styles active-capital-letter\" data-block-type=\"unstyled\" data-block-weight=\"62\" data-block-id=\"2\">\n<p class=\"content-text__container theme-color-primary-first-letter\" data-track-category=\"Link no Texto\" data-track-links=\"\">O concurso para cargos da \u00e1rea da sa\u00fade em Jo\u00e3o Pessoa vai ter o Instituto AOCP como banca organizadora, conforme anunciou a Prefeitura de Jo\u00e3o Pessoa nesta ter\u00e7a-feira (23). O concurso vai contar com 587 vagas para as Unidades de Pronto Atendimento (UPAs) dos Banc\u00e1rios, na Augusto Almeida Filho, em Cruz das Armas, e no Servi\u00e7o de Atendimento M\u00f3vel de Urg\u00eancia (Samu).<\/p>\n<\/div>\n<div class=\"mc-column content-text active-extra-styles \" data-block-type=\"unstyled\" data-block-weight=\"52\" data-block-id=\"3\">\n<p class=\"content-text__container \" data-track-category=\"Link no Texto\" data-track-links=\"\">Segundo a Prefeitura, o contrato j\u00e1 foi assinado e o edital deve ser divulgado \u201cnos pr\u00f3ximos dias\u201d. O edital deve trazer todos os detalhes da sele\u00e7\u00e3o como per\u00edodo de inscri\u00e7\u00f5es e data das provas. Tamb\u00e9m informar\u00e1 sobre o n\u00famero de vagas para cada especialidade profissional e onde ser\u00e3o distribu\u00eddas as 587 vagas.<\/p>\n<\/div>\n<div class=\"mc-column content-text active-extra-styles \" data-block-type=\"unstyled\" data-block-weight=\"33\" data-block-id=\"4\">\n<p class=\"content-text__container \" data-track-category=\"Link no Texto\" data-track-links=\"\">A maior parte das vagas ser\u00e1 destinada \u00e0 UPA dos Banc\u00e1rios, que deve concentrar 302 profissionais. Outras 273 vagas est\u00e3o reservadas para a UPA Almeida Filho e 12 profissionais v\u00e3o trabalhar no Samu.<\/p>\n<\/div>\n<div data-track-category=\"fim do conteudo\" data-track-action=\"ultimo chunk conteudo\" data-track-noninteraction=\"false\" data-track-scroll=\"entrada completa viewport\">\n<div class=\"mc-column content-text active-extra-styles \" data-block-type=\"unstyled\" data-block-weight=\"43\" data-block-id=\"5\">\n<p class=\"content-text__container \" data-track-category=\"Link no Texto\" data-track-links=\"\">O concurso vai selecionar profissionais nas seguintes \u00e1reas: m\u00e9dico, m\u00e9dico pediatra, m\u00e9dico ortotraumatologista, assistente social, biom\u00e9dico, enfermeiro, farmac\u00eautico, farmac\u00eautico\/bioqu\u00edmico, t\u00e9cnico em enfermagem, t\u00e9cnico em imobiliza\u00e7\u00e3o ortop\u00e9dica, t\u00e9cnico de laborat\u00f3rio de an\u00e1lises cl\u00ednicas, t\u00e9cnico em radiologia, condutor de ambul\u00e2ncia e auxiliar de regula\u00e7\u00e3o m\u00e9dica.<\/p>\n<p><strong>CARIRI EM A\u00c7\u00c3O<\/strong><\/p>\n<p><em>Com G1 \/Foto:\u00a0\u00a0Juliana Santos<\/em><\/p>\n<p><strong>Leia mais not\u00edcias em\u00a0<\/strong><a href=\"http:\/\/www.caririemacao.com\/\"><strong>caririemacao.com<\/strong><\/a><strong>, siga nossa p\u00e1gina no\u00a0<\/strong><a href=\"https:\/\/www.facebook.com\/CaririEmAcao\/?ref=aymt_homepage_panel\"><strong>Facebook<\/strong><\/a>,<strong>\u00a0<\/strong><a href=\"https:\/\/www.instagram.com\/cariri_em_acao\/?hl=pt-br\"><strong>Instagram<\/strong><\/a><strong>\u00a0e\u00a0<\/strong><a href=\"https:\/\/www.youtube.com\/channel\/UCAptA0jQuYQy8vMhLt2m4qg\"><strong>Youtube<\/strong><\/a><strong>\u00a0e veja nossas mat\u00e9rias, v\u00eddeos e fotos. Voc\u00ea tamb\u00e9m pode enviar informa\u00e7\u00f5es \u00e0 Reda\u00e7\u00e3o do Portal Cariri em A\u00e7\u00e3o pelo WhatsApp (83) 9 9634.5791, (83) 9 9601-1162.<\/strong><\/p>\n<\/div>\n<\/div>\n","protected":false},"excerpt":{"rendered":"<p>O concurso para cargos da \u00e1rea da sa\u00fade em Jo\u00e3o Pessoa vai ter o Instituto AOCP como banca organizadora, conforme anunciou a Prefeitura de Jo\u00e3o&hellip; <\/p>\n","protected":false},"author":2,"featured_media":38581,"comment_status":"closed","ping_status":"closed","sticky":false,"template":"","format":"standard","meta":{"sfsi_plus_gutenberg_text_before_share":"","sfsi_plus_gutenberg_show_text_before_share":"","sfsi_plus_gutenberg_icon_type":"","sfsi_plus_gutenberg_icon_alignemt":"","sfsi_plus_gutenburg_max_per_row":"","footnotes":""},"categories":[2],"tags":[],"class_list":["post-38580","post","type-post","status-publish","format-standard","has-post-thumbnail","hentry","category-geral"],"_links":{"self":[{"href":"https:\/\/www.caririemacao.com\/1\/wp-json\/wp\/v2\/posts\/38580","targetHints":{"allow":["GET"]}}],"collection":[{"href":"https:\/\/www.caririemacao.com\/1\/wp-json\/wp\/v2\/posts"}],"about":[{"href":"https:\/\/www.caririemacao.com\/1\/wp-json\/wp\/v2\/types\/post"}],"author":[{"embeddable":true,"href":"https:\/\/www.caririemacao.com\/1\/wp-json\/wp\/v2\/users\/2"}],"replies":[{"embeddable":true,"href":"https:\/\/www.caririemacao.com\/1\/wp-json\/wp\/v2\/comments?post=38580"}],"version-history":[{"count":0,"href":"https:\/\/www.caririemacao.com\/1\/wp-json\/wp\/v2\/posts\/38580\/revisions"}],"wp:featuredmedia":[{"embeddable":true,"href":"https:\/\/www.caririemacao.com\/1\/wp-json\/wp\/v2\/media\/38581"}],"wp:attachment":[{"href":"https:\/\/www.caririemacao.com\/1\/wp-json\/wp\/v2\/media?parent=38580"}],"wp:term":[{"taxonomy":"category","embeddable":true,"href":"https:\/\/www.caririemacao.com\/1\/wp-json\/wp\/v2\/categories?post=38580"},{"taxonomy":"post_tag","embeddable":true,"href":"https:\/\/www.caririemacao.com\/1\/wp-json\/wp\/v2\/tags?post=38580"}],"curies":[{"name":"wp","href":"https:\/\/api.w.org\/{rel}","templated":true}]}}