{"id":38583,"date":"2018-01-24T06:51:16","date_gmt":"2018-01-24T09:51:16","guid":{"rendered":"http:\/\/caririemacao.com\/1\/?p=38583"},"modified":"2018-01-24T06:51:16","modified_gmt":"2018-01-24T09:51:16","slug":"governo-planeja-aumentar-idade-para-idoso-pobre-se-aposentar","status":"publish","type":"post","link":"https:\/\/www.caririemacao.com\/1\/2018\/01\/24\/governo-planeja-aumentar-idade-para-idoso-pobre-se-aposentar\/","title":{"rendered":"Governo planeja aumentar idade para idoso pobre se aposentar"},"content":{"rendered":"<p>O\u00a0governo Michel Temer quer elevar a idade m\u00ednima para idosos pobres receberem benef\u00edcio assistencial caso consiga aprovar a\u00a0reforma da Previd\u00eancia\u00a0neste ano, segundo o Minist\u00e9rio do Desenvolvimento Social,\u00a0informa a\u00a0<em>Folha de S.Paulo<\/em>. O secret\u00e1rio-executivo da pasta e ministro em exerc\u00edcio, Alberto Beltrame, disse ao jornal que a ideia \u00e9 aumentar para 68 anos a idade m\u00ednima do BPC (Benef\u00edcio de Presta\u00e7\u00e3o Continuada), hoje fixada em 65 anos.<\/p>\n<p>\u201cA idade do BPC, em aprovada a mudan\u00e7a da idade da Previd\u00eancia, tem que subir um pouco\u201d, afirmou. \u201cO que estamos falando aqui \u00e9 de colocar em torno de 68 anos.\u201d<\/p>\n<p>O benef\u00edcio, no valor de um sal\u00e1rio m\u00ednimo (R$ 954), \u00e9 pago a idosos e pessoas com defici\u00eancia cuja renda familiar por pessoa seja inferior, hoje, a R$ 238,50.<\/p>\n<p>O an\u00fancio da eleva\u00e7\u00e3o da idade m\u00ednima para o BPC contraria o discurso do governo de que a reforma n\u00e3o vai prejudicar as pessoas de baixa renda, mas apenas quem usufrui de privil\u00e9gios.<\/p>\n<p>Manter a idade do BPC em 65 anos \u201cpode ser desestimulante \u00e0 contribui\u00e7\u00e3o\u201d \u00e0 Previd\u00eancia, disse Beltrame. Como \u00e9 assistencial, o benef\u00edcio n\u00e3o exige contribui\u00e7\u00e3o anterior ao INSS, como ocorre com a aposentadoria.<\/p>\n<p>Na vers\u00e3o original da reforma da Previd\u00eancia, o governo prop\u00f4s elevar a idade m\u00ednima para o BPC para 70 anos. A comiss\u00e3o especial que analisou a proposta reduziu para 68 anos. J\u00e1 para votar em plen\u00e1rio, os deputados fizeram acordo com o relator, Arthur Oliveira Maia (PPS-BA), em manter os atuais 65 anos.<\/p>\n<p>\u201cA ideia \u00e9 ir aumentando gradativamente a idade. Suavemente\u201d, disse Beltrame. A idade m\u00ednima subiria um ano a cada dois. Ou seja, levaria seis anos para alcan\u00e7ar a marca pretendida<\/p>\n<p><strong>CARIRI EM A\u00c7\u00c3O<\/strong><\/p>\n<p><em>Com Congresso em Foco \/Foto:\u00a0EBC<\/em><\/p>\n<p><strong>Leia mais not\u00edcias em\u00a0<\/strong><a href=\"http:\/\/www.caririemacao.com\/\"><strong>caririemacao.com<\/strong><\/a><strong>, siga nossa p\u00e1gina no\u00a0<\/strong><a href=\"https:\/\/www.facebook.com\/CaririEmAcao\/?ref=aymt_homepage_panel\"><strong>Facebook<\/strong><\/a>,<strong>\u00a0<\/strong><a href=\"https:\/\/www.instagram.com\/cariri_em_acao\/?hl=pt-br\"><strong>Instagram<\/strong><\/a><strong>\u00a0e\u00a0<\/strong><a href=\"https:\/\/www.youtube.com\/channel\/UCAptA0jQuYQy8vMhLt2m4qg\"><strong>Youtube<\/strong><\/a><strong>\u00a0e veja nossas mat\u00e9rias, v\u00eddeos e fotos. Voc\u00ea tamb\u00e9m pode enviar informa\u00e7\u00f5es \u00e0 Reda\u00e7\u00e3o do Portal Cariri em A\u00e7\u00e3o pelo WhatsApp (83) 9 9634.5791, (83) 9 9601-1162.<\/strong><\/p>\n","protected":false},"excerpt":{"rendered":"<p>O\u00a0governo Michel Temer quer elevar a idade m\u00ednima para idosos pobres receberem benef\u00edcio assistencial caso consiga aprovar a\u00a0reforma da Previd\u00eancia\u00a0neste ano, segundo o Minist\u00e9rio do&hellip; <\/p>\n","protected":false},"author":2,"featured_media":38584,"comment_status":"closed","ping_status":"closed","sticky":false,"template":"","format":"standard","meta":{"sfsi_plus_gutenberg_text_before_share":"","sfsi_plus_gutenberg_show_text_before_share":"","sfsi_plus_gutenberg_icon_type":"","sfsi_plus_gutenberg_icon_alignemt":"","sfsi_plus_gutenburg_max_per_row":"","footnotes":""},"categories":[11],"tags":[],"class_list":["post-38583","post","type-post","status-publish","format-standard","has-post-thumbnail","hentry","category-politica"],"_links":{"self":[{"href":"https:\/\/www.caririemacao.com\/1\/wp-json\/wp\/v2\/posts\/38583","targetHints":{"allow":["GET"]}}],"collection":[{"href":"https:\/\/www.caririemacao.com\/1\/wp-json\/wp\/v2\/posts"}],"about":[{"href":"https:\/\/www.caririemacao.com\/1\/wp-json\/wp\/v2\/types\/post"}],"author":[{"embeddable":true,"href":"https:\/\/www.caririemacao.com\/1\/wp-json\/wp\/v2\/users\/2"}],"replies":[{"embeddable":true,"href":"https:\/\/www.caririemacao.com\/1\/wp-json\/wp\/v2\/comments?post=38583"}],"version-history":[{"count":0,"href":"https:\/\/www.caririemacao.com\/1\/wp-json\/wp\/v2\/posts\/38583\/revisions"}],"wp:featuredmedia":[{"embeddable":true,"href":"https:\/\/www.caririemacao.com\/1\/wp-json\/wp\/v2\/media\/38584"}],"wp:attachment":[{"href":"https:\/\/www.caririemacao.com\/1\/wp-json\/wp\/v2\/media?parent=38583"}],"wp:term":[{"taxonomy":"category","embeddable":true,"href":"https:\/\/www.caririemacao.com\/1\/wp-json\/wp\/v2\/categories?post=38583"},{"taxonomy":"post_tag","embeddable":true,"href":"https:\/\/www.caririemacao.com\/1\/wp-json\/wp\/v2\/tags?post=38583"}],"curies":[{"name":"wp","href":"https:\/\/api.w.org\/{rel}","templated":true}]}}