{"id":38586,"date":"2018-01-24T06:54:43","date_gmt":"2018-01-24T09:54:43","guid":{"rendered":"http:\/\/caririemacao.com\/1\/?p=38586"},"modified":"2018-01-24T06:54:43","modified_gmt":"2018-01-24T09:54:43","slug":"comissao-tecnica-do-vasco-da-gama-e-recebida-pela-prefeita-anna-lorena","status":"publish","type":"post","link":"https:\/\/www.caririemacao.com\/1\/2018\/01\/24\/comissao-tecnica-do-vasco-da-gama-e-recebida-pela-prefeita-anna-lorena\/","title":{"rendered":"Comiss\u00e3o t\u00e9cnica do Vasco da Gama \u00e9 recebida pela prefeita Anna Lorena"},"content":{"rendered":"<p>A prefeita de Monteiro, Anna Lorena de Farias Leite N\u00f3brega, recebeu na manh\u00e3 desta ter\u00e7a-feira, 23, a comiss\u00e3o t\u00e9cnica da equipe de base do Vasco da Gama do Rio de Janeiro, coordenada pelo professor Ad\u00edlio Gomes, que est\u00e1 na cidade de Monteiro para realizar uma avalia\u00e7\u00e3o t\u00e9cnica com atletas locais e dos munic\u00edpios vizinhos.<\/p>\n<p>Durante o encontro que contou com a presen\u00e7a dos secret\u00e1rios Rostand Chaves (Esportes), Fred Menezes (Comunica\u00e7\u00e3o) e dos vereadores Bero de Bertino, Toinho de Nequinho e Sargento Farias, os membros da comiss\u00e3o t\u00e9cnica elogiaram o apoio recebido por todos que fazem parte da gest\u00e3o e explicaram como deve acontecer a sele\u00e7\u00e3o.<\/p>\n<p>Segundo Ad\u00edlio Gomes, os atletas receber\u00e3o uma palestra informativa de como devem proceder para se manterem aptos a um teste como este que est\u00e1 sendo oferecido pelo Vasco da Gama com o apoio da Prefeitura de Monteiro.<\/p>\n<p>\u201cO importante disso tudo n\u00e3o \u00e9 ser selecionado, \u00e9 o aprendizado que estes atletas estar\u00e3o recebendo com as orienta\u00e7\u00f5es que nossa equipe estar\u00e1 oferecendo nesta quarta e quinta-feira\u201d, destacou Ad\u00edlio Gomes.<\/p>\n<p>Ap\u00f3s a reuni\u00e3o com a prefeita Anna Lorena, os representantes do Vasco da Gama concederam entrevistas nas emissoras de r\u00e1dio do munic\u00edpio, e em seguida visitaram o est\u00e1dio Feitos\u00e3o, local reservado para o teste de avalia\u00e7\u00e3o, que contar\u00e1 com a presen\u00e7a da prefeita Anna Lorena na manh\u00e3 desta quarta-feira.<\/p>\n<p>A avalia\u00e7\u00e3o come\u00e7a nesta quarta-feira, 24, com os atletas nascidos entre 2003 e 2008, a partir das 08h:00, enquanto que na quinta-feira, 25, ser\u00e1 a vez dos atletas nascidos entre 1999 e 2002.<\/p>\n<p>Para participar do processo seletivo, cada atleta dever\u00e1 pagar uma taxa de inscri\u00e7\u00e3o no valor de R$ 20 e os atletas t\u00eam que levar seu material esportivo. A taxa dever\u00e1 ser paga no local da sele\u00e7\u00e3o.<\/p>\n<p><strong>CARIRI EM A\u00c7\u00c3O<\/strong><\/p>\n<p><em>Com OPipoco \/Foto: OPipoco<\/em><\/p>\n<p><strong>Leia mais not\u00edcias em\u00a0<\/strong><a href=\"http:\/\/www.caririemacao.com\/\"><strong>caririemacao.com<\/strong><\/a><strong>, siga nossa p\u00e1gina no\u00a0<\/strong><a href=\"https:\/\/www.facebook.com\/CaririEmAcao\/?ref=aymt_homepage_panel\"><strong>Facebook<\/strong><\/a>,<strong>\u00a0<\/strong><a href=\"https:\/\/www.instagram.com\/cariri_em_acao\/?hl=pt-br\"><strong>Instagram<\/strong><\/a><strong>\u00a0e\u00a0<\/strong><a href=\"https:\/\/www.youtube.com\/channel\/UCAptA0jQuYQy8vMhLt2m4qg\"><strong>Youtube<\/strong><\/a><strong>\u00a0e veja nossas mat\u00e9rias, v\u00eddeos e fotos. Voc\u00ea tamb\u00e9m pode enviar informa\u00e7\u00f5es \u00e0 Reda\u00e7\u00e3o do Portal Cariri em A\u00e7\u00e3o pelo WhatsApp (83) 9 9634.5791, (83) 9 9601-1162.<\/strong><\/p>\n","protected":false},"excerpt":{"rendered":"<p>A prefeita de Monteiro, Anna Lorena de Farias Leite N\u00f3brega, recebeu na manh\u00e3 desta ter\u00e7a-feira, 23, a comiss\u00e3o t\u00e9cnica da equipe de base do Vasco&hellip; <\/p>\n","protected":false},"author":2,"featured_media":38587,"comment_status":"closed","ping_status":"closed","sticky":false,"template":"","format":"standard","meta":{"sfsi_plus_gutenberg_text_before_share":"","sfsi_plus_gutenberg_show_text_before_share":"","sfsi_plus_gutenberg_icon_type":"","sfsi_plus_gutenberg_icon_alignemt":"","sfsi_plus_gutenburg_max_per_row":"","footnotes":""},"categories":[6],"tags":[],"class_list":["post-38586","post","type-post","status-publish","format-standard","has-post-thumbnail","hentry","category-cidades"],"_links":{"self":[{"href":"https:\/\/www.caririemacao.com\/1\/wp-json\/wp\/v2\/posts\/38586","targetHints":{"allow":["GET"]}}],"collection":[{"href":"https:\/\/www.caririemacao.com\/1\/wp-json\/wp\/v2\/posts"}],"about":[{"href":"https:\/\/www.caririemacao.com\/1\/wp-json\/wp\/v2\/types\/post"}],"author":[{"embeddable":true,"href":"https:\/\/www.caririemacao.com\/1\/wp-json\/wp\/v2\/users\/2"}],"replies":[{"embeddable":true,"href":"https:\/\/www.caririemacao.com\/1\/wp-json\/wp\/v2\/comments?post=38586"}],"version-history":[{"count":0,"href":"https:\/\/www.caririemacao.com\/1\/wp-json\/wp\/v2\/posts\/38586\/revisions"}],"wp:featuredmedia":[{"embeddable":true,"href":"https:\/\/www.caririemacao.com\/1\/wp-json\/wp\/v2\/media\/38587"}],"wp:attachment":[{"href":"https:\/\/www.caririemacao.com\/1\/wp-json\/wp\/v2\/media?parent=38586"}],"wp:term":[{"taxonomy":"category","embeddable":true,"href":"https:\/\/www.caririemacao.com\/1\/wp-json\/wp\/v2\/categories?post=38586"},{"taxonomy":"post_tag","embeddable":true,"href":"https:\/\/www.caririemacao.com\/1\/wp-json\/wp\/v2\/tags?post=38586"}],"curies":[{"name":"wp","href":"https:\/\/api.w.org\/{rel}","templated":true}]}}