{"id":38593,"date":"2018-01-24T07:08:31","date_gmt":"2018-01-24T10:08:31","guid":{"rendered":"http:\/\/caririemacao.com\/1\/?p=38593"},"modified":"2018-01-24T07:24:05","modified_gmt":"2018-01-24T10:24:05","slug":"primeira-pauta-do-tce-para-2018-tem-contas-de-seis-prefeituras-e-duas-camaras-da-pb","status":"publish","type":"post","link":"https:\/\/www.caririemacao.com\/1\/2018\/01\/24\/primeira-pauta-do-tce-para-2018-tem-contas-de-seis-prefeituras-e-duas-camaras-da-pb\/","title":{"rendered":"TCE-PB analisa contas de duas prefeituras do Cariri nesta quarta"},"content":{"rendered":"<p>O Tribunal de Contas da Para\u00edba vai se reunir, nesta quarta-feira (24), pela primeira vez em 2018, para o exame de processos que incluem seis contas oriundas de Prefeituras e de duas C\u00e2maras Municipais. Da mesma pauta de julgamentos constam as presta\u00e7\u00f5es de contas de A Uni\u00e3o \u2013 Superintend\u00eancia de Imprensa e Editora (exerc\u00edcio de 2015) e da Secretaria de Estado e do Desenvolvimento (2013).<\/p>\n<p>O TCE verificar\u00e1 contas anuais procedentes das Prefeituras de Riacho dos Cavalos (2014), Rem\u00edgio, Serra Grande, Bom Sucesso (2015), Congo e Coxixola (2016). Tamb\u00e9m, das C\u00e2maras de Vereadores de Brejo dos Santos e Massaranduba, exerc\u00edcio de 2016 para ambos os casos.<\/p>\n<p>Presidido pelo conselheiro Andr\u00e9 Carlo Torres Pontes, o TCE re\u00fane-se, ordinariamente, \u00e0s quartas-feiras, a partir das 9h, com acesso permitido ao p\u00fablico e transmiss\u00f5es ao vivo pela TV TCE-PB (Canal no Youtube).<\/p>\n<p><strong>CARIRI EM A\u00c7\u00c3O<\/strong><\/p>\n<p><em>Com\u00a0Ascom \/Foto: Reprodu\u00e7\u00e3o google<\/em><\/p>\n<p><strong>Leia mais not\u00edcias em\u00a0<\/strong><a href=\"http:\/\/www.caririemacao.com\/\"><strong>caririemacao.com<\/strong><\/a><strong>, siga nossa p\u00e1gina no\u00a0<\/strong><a href=\"https:\/\/www.facebook.com\/CaririEmAcao\/?ref=aymt_homepage_panel\"><strong>Facebook<\/strong><\/a>,<strong>\u00a0<\/strong><a href=\"https:\/\/www.instagram.com\/cariri_em_acao\/?hl=pt-br\"><strong>Instagram<\/strong><\/a><strong>\u00a0e\u00a0<\/strong><a href=\"https:\/\/www.youtube.com\/channel\/UCAptA0jQuYQy8vMhLt2m4qg\"><strong>Youtube<\/strong><\/a><strong>\u00a0e veja nossas mat\u00e9rias, v\u00eddeos e fotos. Voc\u00ea tamb\u00e9m pode enviar informa\u00e7\u00f5es \u00e0 Reda\u00e7\u00e3o do Portal Cariri em A\u00e7\u00e3o pelo WhatsApp (83) 9 9634.5791, (83) 9 9601-1162.<\/strong><\/p>\n","protected":false},"excerpt":{"rendered":"<p>O Tribunal de Contas da Para\u00edba vai se reunir, nesta quarta-feira (24), pela primeira vez em 2018, para o exame de processos que incluem seis&hellip; <\/p>\n","protected":false},"author":2,"featured_media":38594,"comment_status":"closed","ping_status":"closed","sticky":false,"template":"","format":"standard","meta":{"sfsi_plus_gutenberg_text_before_share":"","sfsi_plus_gutenberg_show_text_before_share":"","sfsi_plus_gutenberg_icon_type":"","sfsi_plus_gutenberg_icon_alignemt":"","sfsi_plus_gutenburg_max_per_row":"","footnotes":""},"categories":[2],"tags":[],"class_list":["post-38593","post","type-post","status-publish","format-standard","has-post-thumbnail","hentry","category-geral"],"_links":{"self":[{"href":"https:\/\/www.caririemacao.com\/1\/wp-json\/wp\/v2\/posts\/38593","targetHints":{"allow":["GET"]}}],"collection":[{"href":"https:\/\/www.caririemacao.com\/1\/wp-json\/wp\/v2\/posts"}],"about":[{"href":"https:\/\/www.caririemacao.com\/1\/wp-json\/wp\/v2\/types\/post"}],"author":[{"embeddable":true,"href":"https:\/\/www.caririemacao.com\/1\/wp-json\/wp\/v2\/users\/2"}],"replies":[{"embeddable":true,"href":"https:\/\/www.caririemacao.com\/1\/wp-json\/wp\/v2\/comments?post=38593"}],"version-history":[{"count":0,"href":"https:\/\/www.caririemacao.com\/1\/wp-json\/wp\/v2\/posts\/38593\/revisions"}],"wp:featuredmedia":[{"embeddable":true,"href":"https:\/\/www.caririemacao.com\/1\/wp-json\/wp\/v2\/media\/38594"}],"wp:attachment":[{"href":"https:\/\/www.caririemacao.com\/1\/wp-json\/wp\/v2\/media?parent=38593"}],"wp:term":[{"taxonomy":"category","embeddable":true,"href":"https:\/\/www.caririemacao.com\/1\/wp-json\/wp\/v2\/categories?post=38593"},{"taxonomy":"post_tag","embeddable":true,"href":"https:\/\/www.caririemacao.com\/1\/wp-json\/wp\/v2\/tags?post=38593"}],"curies":[{"name":"wp","href":"https:\/\/api.w.org\/{rel}","templated":true}]}}