{"id":38599,"date":"2018-01-24T07:53:27","date_gmt":"2018-01-24T10:53:27","guid":{"rendered":"http:\/\/caririemacao.com\/1\/?p=38599"},"modified":"2018-01-24T07:53:27","modified_gmt":"2018-01-24T10:53:27","slug":"comecou-o-julgamento-de-lula-no-trf-4-acompanhe-ao-vivo","status":"publish","type":"post","link":"https:\/\/www.caririemacao.com\/1\/2018\/01\/24\/comecou-o-julgamento-de-lula-no-trf-4-acompanhe-ao-vivo\/","title":{"rendered":"Come\u00e7ou o julgamento de Lula no TRF-4; acompanhe ao vivo"},"content":{"rendered":"<p>O recurso do ex-presidente Luiz In\u00e1cio Lula da Silva come\u00e7ou a ser julgado, pela 8\u00aa Turma do Tribunal Regional Federal da 4\u00aa Regi\u00e3o, em Porto Alegre. A apela\u00e7\u00e3o \u00e9 contra a condena\u00e7\u00e3o de\u00a09 anos e 6 meses de pris\u00e3o no caso do tr\u00edplex do Guaruj\u00e1, que foi aplicada pelo juiz S\u00e9rgio Moro, respons\u00e1vel pelos processos da Opera\u00e7\u00e3o Lava Jato na primeira inst\u00e2ncia da Justi\u00e7a Federal, em Curitiba (PR).\u00a0Na sess\u00e3o, os procuradores e advogados de defesa ir\u00e3o se manifestar, e os tr\u00eas desembargadores ir\u00e3o proferir os votos.<\/p>\n<p><strong>Veja como ser\u00e1 a sess\u00e3o de julgamento:<\/strong><\/p>\n<p><strong>Abertura e relator<\/strong><\/p>\n<p>A sess\u00e3o \u00e9 aberta pelo presidente da 8\u00aa Turma, desembargador Leandro\u00a0Paulsen, \u00e0s 8h30. Em seguida, come\u00e7a a leitura do parecer do relator, desembargador Jo\u00e3o Pedro\u00a0Gebran\u00a0Neto.<\/p>\n<p><strong>Manifesta\u00e7\u00f5es<\/strong><\/p>\n<p>Na\u00a0sequ\u00eancia, o Minist\u00e9rio P\u00fablico Federal ter\u00e1 30 minutos para se manifestar.<\/p>\n<p>Depois do\u00a0MPF, ser\u00e1 a vez dos advogados de defesa, com tempo m\u00e1ximo de 15 minutos para o defensor de cada r\u00e9u. Al\u00e9m de Lula, o processo tem mais seis r\u00e9us: tr\u00eas executivos da\u00a0OAS; o ex-presidente da\u00a0OAS, Jos\u00e9\u00a0Aldemario\u00a0Pinheiro Filho; o ex-diretor da\u00a0\u00c1rea\u00a0Internacional da empreiteira\u00a0Agenor\u00a0Franklin Magalh\u00e3es Medeiros e o ex-presidente do Instituto Lula Paulo\u00a0Okamotto.<\/p>\n<p>A estimativa do tribunal \u00e9 de que essa fase dure cerca de duas horas.<\/p>\n<p><strong>Votos<\/strong><\/p>\n<p>Ap\u00f3s a manifesta\u00e7\u00e3o dos advogados, o relator l\u00ea o voto. Depois, o revisor, Leandro\u00a0Paulsen, profere o voto. Em seguida, o desembargador Victor Luiz dos Santos\u00a0Laus\u00a0l\u00ea seu voto. Os magistrados n\u00e3o t\u00eam tempo pr\u00e9-determinado para se manifestarem.<\/p>\n<p><strong>Resultado<\/strong><\/p>\n<p>Lidos os votos, o presidente da Turma proclama o resultado. O processo n\u00e3o ser\u00e1 encerrado, pois ainda h\u00e1 possibilidades de recursos.<\/p>\n<p><strong>CARIRI EM A\u00c7\u00c3O<\/strong><\/p>\n<p><em>Com Not\u00edcia ao minuto\/Foto:\u00a0\u00a0Ricardo Stuckert<\/em><\/p>\n<p><strong>Leia mais not\u00edcias em\u00a0<\/strong><a href=\"http:\/\/www.caririemacao.com\/\"><strong>caririemacao.com<\/strong><\/a><strong>, siga nossa p\u00e1gina no\u00a0<\/strong><a href=\"https:\/\/www.facebook.com\/CaririEmAcao\/?ref=aymt_homepage_panel\"><strong>Facebook<\/strong><\/a>,<strong>\u00a0<\/strong><a href=\"https:\/\/www.instagram.com\/cariri_em_acao\/?hl=pt-br\"><strong>Instagram<\/strong><\/a><strong>\u00a0e\u00a0<\/strong><a href=\"https:\/\/www.youtube.com\/channel\/UCAptA0jQuYQy8vMhLt2m4qg\"><strong>Youtube<\/strong><\/a><strong>\u00a0e veja nossas mat\u00e9rias, v\u00eddeos e fotos. Voc\u00ea tamb\u00e9m pode enviar informa\u00e7\u00f5es \u00e0 Reda\u00e7\u00e3o do Portal Cariri em A\u00e7\u00e3o pelo WhatsApp (83) 9 9634.5791, (83) 9 9601-1162.<\/strong><\/p>\n","protected":false},"excerpt":{"rendered":"<p>O recurso do ex-presidente Luiz In\u00e1cio Lula da Silva come\u00e7ou a ser julgado, pela 8\u00aa Turma do Tribunal Regional Federal da 4\u00aa Regi\u00e3o, em Porto&hellip; <\/p>\n","protected":false},"author":2,"featured_media":38600,"comment_status":"closed","ping_status":"closed","sticky":false,"template":"","format":"standard","meta":{"sfsi_plus_gutenberg_text_before_share":"","sfsi_plus_gutenberg_show_text_before_share":"","sfsi_plus_gutenberg_icon_type":"","sfsi_plus_gutenberg_icon_alignemt":"","sfsi_plus_gutenburg_max_per_row":"","footnotes":""},"categories":[11],"tags":[],"class_list":["post-38599","post","type-post","status-publish","format-standard","has-post-thumbnail","hentry","category-politica"],"_links":{"self":[{"href":"https:\/\/www.caririemacao.com\/1\/wp-json\/wp\/v2\/posts\/38599","targetHints":{"allow":["GET"]}}],"collection":[{"href":"https:\/\/www.caririemacao.com\/1\/wp-json\/wp\/v2\/posts"}],"about":[{"href":"https:\/\/www.caririemacao.com\/1\/wp-json\/wp\/v2\/types\/post"}],"author":[{"embeddable":true,"href":"https:\/\/www.caririemacao.com\/1\/wp-json\/wp\/v2\/users\/2"}],"replies":[{"embeddable":true,"href":"https:\/\/www.caririemacao.com\/1\/wp-json\/wp\/v2\/comments?post=38599"}],"version-history":[{"count":0,"href":"https:\/\/www.caririemacao.com\/1\/wp-json\/wp\/v2\/posts\/38599\/revisions"}],"wp:featuredmedia":[{"embeddable":true,"href":"https:\/\/www.caririemacao.com\/1\/wp-json\/wp\/v2\/media\/38600"}],"wp:attachment":[{"href":"https:\/\/www.caririemacao.com\/1\/wp-json\/wp\/v2\/media?parent=38599"}],"wp:term":[{"taxonomy":"category","embeddable":true,"href":"https:\/\/www.caririemacao.com\/1\/wp-json\/wp\/v2\/categories?post=38599"},{"taxonomy":"post_tag","embeddable":true,"href":"https:\/\/www.caririemacao.com\/1\/wp-json\/wp\/v2\/tags?post=38599"}],"curies":[{"name":"wp","href":"https:\/\/api.w.org\/{rel}","templated":true}]}}