{"id":38602,"date":"2018-01-24T09:46:47","date_gmt":"2018-01-24T12:46:47","guid":{"rendered":"http:\/\/caririemacao.com\/1\/?p=38602"},"modified":"2018-01-24T09:46:47","modified_gmt":"2018-01-24T12:46:47","slug":"advogado-de-lula-na-sentenca-moro-construiu-uma-acusacao-propria","status":"publish","type":"post","link":"https:\/\/www.caririemacao.com\/1\/2018\/01\/24\/advogado-de-lula-na-sentenca-moro-construiu-uma-acusacao-propria\/","title":{"rendered":"Advogado de Lula: &#8216;Na senten\u00e7a, Moro construiu uma acusa\u00e7\u00e3o pr\u00f3pria&#8217;"},"content":{"rendered":"<p>O advogado Cristiano Zanin Martins, advogado de Lula, come\u00e7a a falar, durante o julgamento do recurso do ex-presidente contra a condena\u00e7\u00e3o imposta pelo juiz S\u00e9rgio Moro, a nove anos e meio de pris\u00e3o.<\/p>\n<p>Na sess\u00e3o da 8\u00aa Turma do Tribunal Regional Federal da 4\u00aa Regi\u00e3o (TRF-4), em Porto Alegre, ele diz que se houve alguma situa\u00e7\u00e3o que pudesse tangenciar o il\u00edcito legal, n\u00e3o foi da parte da defesa ou de terceiros, mas em v\u00e1rias situa\u00e7\u00f5es que ocorreram em preju\u00edzo \u00e0 defesa, o que n\u00e3o se pode admitir.<\/p>\n<p>Zanin tamb\u00e9m trata da nulidade do processo e da nulidade da senten\u00e7a, e fala sobre a escolha da jurisdi\u00e7\u00e3o para o caso. O advogado diz que o ju\u00edzo jamais afirmou na senten\u00e7a que os valores nos contratos da Petrobras foram utilizados para pagar vantagens indevidas ao ex-presidente. Por isso, a compet\u00eancia jamais poderia ter existido.<\/p>\n<p>\u201cBuscou-se de uma afirma\u00e7\u00e3o, sem qualquer respaldo\u201d, destaca. E completa defendendo que a a\u00e7\u00e3o nasceu em um powerpoint. &#8220;Se acusa\u00e7\u00e3o tem alguma motiva\u00e7\u00e3o pol\u00edtica, e no caso tem, n\u00e3o precisa a defesa identificar&#8221;.<\/p>\n<p>Ele ainda destaca que &#8220;o poder do estado tem limite, e n\u00e3o pode ser utilizado desta forma&#8221;. Para Zanin,\u00a0o juiz S\u00e9rgio Moro, &#8220;ao proferir a senten\u00e7a, construiu uma acusa\u00e7\u00e3o pr\u00f3pria&#8221;.<\/p>\n<p>O advogado nega que o triplex seja de Lula. &#8220;N\u00e3o, o triplex n\u00e3o \u00e9 do ex-presidente Lula. Todos n\u00f3s sabemos que o triplex pertence e sempre pertenceu \u00e0 OAS&#8221;, alega.<\/p>\n<p><strong>CARIRI EM A\u00c7\u00c3O<\/strong><\/p>\n<p><em>Com Not\u00edcia ao Minuto\/Foto:\u00a0Paulo Pinto\u00a0<\/em><\/p>\n<p><strong>Leia mais not\u00edcias em\u00a0<\/strong><a href=\"http:\/\/www.caririemacao.com\/\"><strong>caririemacao.com<\/strong><\/a><strong>, siga nossa p\u00e1gina no\u00a0<\/strong><a href=\"https:\/\/www.facebook.com\/CaririEmAcao\/?ref=aymt_homepage_panel\"><strong>Facebook<\/strong><\/a>,<strong>\u00a0<\/strong><a href=\"https:\/\/www.instagram.com\/cariri_em_acao\/?hl=pt-br\"><strong>Instagram<\/strong><\/a><strong>\u00a0e\u00a0<\/strong><a href=\"https:\/\/www.youtube.com\/channel\/UCAptA0jQuYQy8vMhLt2m4qg\"><strong>Youtube<\/strong><\/a><strong>\u00a0e veja nossas mat\u00e9rias, v\u00eddeos e fotos. Voc\u00ea tamb\u00e9m pode enviar informa\u00e7\u00f5es \u00e0 Reda\u00e7\u00e3o do Portal Cariri em A\u00e7\u00e3o pelo WhatsApp (83) 9 9634.5791, (83) 9 9601-1162.<\/strong><\/p>\n","protected":false},"excerpt":{"rendered":"<p>O advogado Cristiano Zanin Martins, advogado de Lula, come\u00e7a a falar, durante o julgamento do recurso do ex-presidente contra a condena\u00e7\u00e3o imposta pelo juiz S\u00e9rgio&hellip; <\/p>\n","protected":false},"author":2,"featured_media":38603,"comment_status":"closed","ping_status":"closed","sticky":false,"template":"","format":"standard","meta":{"sfsi_plus_gutenberg_text_before_share":"","sfsi_plus_gutenberg_show_text_before_share":"","sfsi_plus_gutenberg_icon_type":"","sfsi_plus_gutenberg_icon_alignemt":"","sfsi_plus_gutenburg_max_per_row":"","footnotes":""},"categories":[11],"tags":[],"class_list":["post-38602","post","type-post","status-publish","format-standard","has-post-thumbnail","hentry","category-politica"],"_links":{"self":[{"href":"https:\/\/www.caririemacao.com\/1\/wp-json\/wp\/v2\/posts\/38602","targetHints":{"allow":["GET"]}}],"collection":[{"href":"https:\/\/www.caririemacao.com\/1\/wp-json\/wp\/v2\/posts"}],"about":[{"href":"https:\/\/www.caririemacao.com\/1\/wp-json\/wp\/v2\/types\/post"}],"author":[{"embeddable":true,"href":"https:\/\/www.caririemacao.com\/1\/wp-json\/wp\/v2\/users\/2"}],"replies":[{"embeddable":true,"href":"https:\/\/www.caririemacao.com\/1\/wp-json\/wp\/v2\/comments?post=38602"}],"version-history":[{"count":0,"href":"https:\/\/www.caririemacao.com\/1\/wp-json\/wp\/v2\/posts\/38602\/revisions"}],"wp:featuredmedia":[{"embeddable":true,"href":"https:\/\/www.caririemacao.com\/1\/wp-json\/wp\/v2\/media\/38603"}],"wp:attachment":[{"href":"https:\/\/www.caririemacao.com\/1\/wp-json\/wp\/v2\/media?parent=38602"}],"wp:term":[{"taxonomy":"category","embeddable":true,"href":"https:\/\/www.caririemacao.com\/1\/wp-json\/wp\/v2\/categories?post=38602"},{"taxonomy":"post_tag","embeddable":true,"href":"https:\/\/www.caririemacao.com\/1\/wp-json\/wp\/v2\/tags?post=38602"}],"curies":[{"name":"wp","href":"https:\/\/api.w.org\/{rel}","templated":true}]}}