{"id":38605,"date":"2018-01-24T09:51:33","date_gmt":"2018-01-24T12:51:33","guid":{"rendered":"http:\/\/caririemacao.com\/1\/?p=38605"},"modified":"2018-01-24T09:51:33","modified_gmt":"2018-01-24T12:51:33","slug":"bolsonaro-diz-que-nao-vai-as-ruas-acompanhar-julgamento-por-medo","status":"publish","type":"post","link":"https:\/\/www.caririemacao.com\/1\/2018\/01\/24\/bolsonaro-diz-que-nao-vai-as-ruas-acompanhar-julgamento-por-medo\/","title":{"rendered":"Bolsonaro diz que n\u00e3o vai \u00e0s ruas acompanhar julgamento por medo"},"content":{"rendered":"<p>O deputado federal Jair Bolsonaro (PSC-RJ) disse que n\u00e3o pretende acompanhar nas ruas o julgamento do recurso do ex-presidente Luiz In\u00e1cio Lula da Silva nesta quarta-feira, 24, porque pode &#8220;sofrer viol\u00eancia&#8221; de apoiadores do dirigente petista. O parlamentar est\u00e1 em segundo lugar na corrida presidencial, atr\u00e1s de Lula, segundo pesquisas recentes de inten\u00e7\u00e3o de voto.<\/p>\n<p>&#8220;Se eu for para rua, posso sofrer viol\u00eancia por parte de pessoas que n\u00e3o respeitam o direito de se expressar&#8221;, afirmou Bolsonaro ao jornal\u00a0O Estado de S. Paulo, acrescentando que essas pessoas seriam integrantes de grupos pr\u00f3-Lula.<\/p>\n<p>O pol\u00edtico tamb\u00e9m disse que n\u00e3o est\u00e1 torcendo contra o ex-presidente, mas que espera que ele n\u00e3o seja absolvido. &#8220;N\u00e3o estou torcendo pela condena\u00e7\u00e3o, mas espero que ele seja punido pelo que cometeu. N\u00e3o tenho d\u00favidas de que aquele triplex seja dele. J\u00e1 foram apresentadas muitas provas sobre isso&#8221;, declarou Bolsonaro.<\/p>\n<p>O deputado iria participar hoje de uma solenidade de troca de comando na base a\u00e9rea de Santa Cruz, no hor\u00e1rio do julgamento, marcado para come\u00e7ar \u00e0s 8h30, mas optou por ficar em sua casa na Barra da Tijuca, na zona oeste do Rio.<\/p>\n<p>Bolsonaro j\u00e1 havia se manifestado nas redes sociais sobre o julgamento, na semana passada. Em um postagem publicada no Twitter, no \u00faltimo dia 18, ele escreveu: &#8220;Espero que Lula, como chefe dessa organiza\u00e7\u00e3o criminosa, prove do pr\u00f3prio veneno no pr\u00f3ximo dia 24&#8221;.<\/p>\n<p>No dia 15, ele publicou um v\u00eddeo dizendo que Lula poderia &#8220;estar preparando uma sa\u00edda estrat\u00e9gica, temendo uma condena\u00e7\u00e3o via TRF-4&#8221;. Comentava informa\u00e7\u00e3o publicada no Di\u00e1rio Oficial da Uni\u00e3o de que o ex-presidente &#8220;despacharia um assessor para a Eti\u00f3pia a partir do dia 23 de janeiro&#8221;, v\u00e9spera do julgamento. &#8220;Pediria asilo numa poss\u00edvel condena\u00e7\u00e3o?&#8221;, escreveu o deputado na internet.<\/p>\n<p><strong>CARIRI EM A\u00c7\u00c3O<\/strong><\/p>\n<p><em>Com Not\u00edcia ao Minuto\/Foto: Reprodu\u00e7\u00e3o google<\/em><\/p>\n<p><strong>Leia mais not\u00edcias em\u00a0<\/strong><a href=\"http:\/\/www.caririemacao.com\/\"><strong>caririemacao.com<\/strong><\/a><strong>, siga nossa p\u00e1gina no\u00a0<\/strong><a href=\"https:\/\/www.facebook.com\/CaririEmAcao\/?ref=aymt_homepage_panel\"><strong>Facebook<\/strong><\/a>,<strong>\u00a0<\/strong><a href=\"https:\/\/www.instagram.com\/cariri_em_acao\/?hl=pt-br\"><strong>Instagram<\/strong><\/a><strong>\u00a0e\u00a0<\/strong><a href=\"https:\/\/www.youtube.com\/channel\/UCAptA0jQuYQy8vMhLt2m4qg\"><strong>Youtube<\/strong><\/a><strong>\u00a0e veja nossas mat\u00e9rias, v\u00eddeos e fotos. Voc\u00ea tamb\u00e9m pode enviar informa\u00e7\u00f5es \u00e0 Reda\u00e7\u00e3o do Portal Cariri em A\u00e7\u00e3o pelo WhatsApp (83) 9 9634.5791, (83) 9 9601-1162.<\/strong><\/p>\n","protected":false},"excerpt":{"rendered":"<p>O deputado federal Jair Bolsonaro (PSC-RJ) disse que n\u00e3o pretende acompanhar nas ruas o julgamento do recurso do ex-presidente Luiz In\u00e1cio Lula da Silva nesta&hellip; <\/p>\n","protected":false},"author":2,"featured_media":36809,"comment_status":"closed","ping_status":"closed","sticky":false,"template":"","format":"standard","meta":{"sfsi_plus_gutenberg_text_before_share":"","sfsi_plus_gutenberg_show_text_before_share":"","sfsi_plus_gutenberg_icon_type":"","sfsi_plus_gutenberg_icon_alignemt":"","sfsi_plus_gutenburg_max_per_row":"","footnotes":""},"categories":[11],"tags":[],"class_list":["post-38605","post","type-post","status-publish","format-standard","has-post-thumbnail","hentry","category-politica"],"_links":{"self":[{"href":"https:\/\/www.caririemacao.com\/1\/wp-json\/wp\/v2\/posts\/38605","targetHints":{"allow":["GET"]}}],"collection":[{"href":"https:\/\/www.caririemacao.com\/1\/wp-json\/wp\/v2\/posts"}],"about":[{"href":"https:\/\/www.caririemacao.com\/1\/wp-json\/wp\/v2\/types\/post"}],"author":[{"embeddable":true,"href":"https:\/\/www.caririemacao.com\/1\/wp-json\/wp\/v2\/users\/2"}],"replies":[{"embeddable":true,"href":"https:\/\/www.caririemacao.com\/1\/wp-json\/wp\/v2\/comments?post=38605"}],"version-history":[{"count":0,"href":"https:\/\/www.caririemacao.com\/1\/wp-json\/wp\/v2\/posts\/38605\/revisions"}],"wp:featuredmedia":[{"embeddable":true,"href":"https:\/\/www.caririemacao.com\/1\/wp-json\/wp\/v2\/media\/36809"}],"wp:attachment":[{"href":"https:\/\/www.caririemacao.com\/1\/wp-json\/wp\/v2\/media?parent=38605"}],"wp:term":[{"taxonomy":"category","embeddable":true,"href":"https:\/\/www.caririemacao.com\/1\/wp-json\/wp\/v2\/categories?post=38605"},{"taxonomy":"post_tag","embeddable":true,"href":"https:\/\/www.caririemacao.com\/1\/wp-json\/wp\/v2\/tags?post=38605"}],"curies":[{"name":"wp","href":"https:\/\/api.w.org\/{rel}","templated":true}]}}