{"id":38607,"date":"2018-01-24T09:54:20","date_gmt":"2018-01-24T12:54:20","guid":{"rendered":"http:\/\/caririemacao.com\/1\/?p=38607"},"modified":"2018-01-24T09:54:20","modified_gmt":"2018-01-24T12:54:20","slug":"lamentavelmente-lula-se-corrompeu-diz-mpf-em-manifestacao-no-trf-4","status":"publish","type":"post","link":"https:\/\/www.caririemacao.com\/1\/2018\/01\/24\/lamentavelmente-lula-se-corrompeu-diz-mpf-em-manifestacao-no-trf-4\/","title":{"rendered":"Lamentavelmente, Lula se corrompeu&#8217;, diz MPF em manifesta\u00e7\u00e3o no TRF-4"},"content":{"rendered":"<p>O relator, desembargador Jo\u00e3o Pedro Gebran Neto, termina a leitura do seu relat\u00f3rio, que durou 27 minutos. Agora, o procurador do Minist\u00e9rio P\u00fablico Federal Mauricio Gerum vai ter 30 minutos para se manifestar.<\/p>\n<p>Ele inicia falando sobre tropas de choque que se formam no parlamento como instrumento de supress\u00e3o do di\u00e1logo.<\/p>\n<p>O procurador diz que foi patrocinado um movimento que buscou contaminar o processo judicial, para que n\u00e3o se permita nada al\u00e9m da absolvi\u00e7\u00e3o no processo.<\/p>\n<p>Ele diz que o processo judicial n\u00e3o \u00e9 um processo parlamentar e volta a citar a trucul\u00eancia da &#8220;tropa de choque do ex-presidente Lula no processo judicial&#8221; que est\u00e1, segundo ele, a ponto de representar coa\u00e7\u00e3o.<\/p>\n<p>Mauricio Gerum diz ainda que houve gravidade e irresponsabilidade na tese que tira a responsabilidade do poder judici\u00e1rio de analisar os autos e chegar a uma decis\u00e3o. &#8220;Se a corte absolver Lula, a Justi\u00e7a ser\u00e1 feita. Se ela decidir manter a condena\u00e7\u00e3o, a Justi\u00e7a tamb\u00e9m ser\u00e1 feita&#8221;, destaca.<\/p>\n<p>O procurador afirma\u00a0que n\u00e3o \u00e9 porque se trata de um ex-presidente que vai se aceitar qualquer prova. A prova deve ser apresentada pela acusa\u00e7\u00e3o, mas uma vez apresentada \u00e9 \u00f4nus da defesa apresentar outra que a desacredite.\u00a0&#8216;Lamentavelmente, Lula se corrompeu&#8217;, destaca.<\/p>\n<p>Citando a obra Crime e Castigo, de Dostoi\u00e9vski, ele encerra sua fala. &#8220;Em uma Rep\u00fablica, todos os homens s\u00e3o de carne&#8221;.<\/p>\n<p><strong>CARIRI EM A\u00c7\u00c3O<\/strong><\/p>\n<p><em>Com Not\u00edcia ao Minuto\/Foto: Reprodu\u00e7\u00e3o google<\/em><\/p>\n<p><strong>Leia mais not\u00edcias em\u00a0<\/strong><a href=\"http:\/\/www.caririemacao.com\/\"><strong>caririemacao.com<\/strong><\/a><strong>, siga nossa p\u00e1gina no\u00a0<\/strong><a href=\"https:\/\/www.facebook.com\/CaririEmAcao\/?ref=aymt_homepage_panel\"><strong>Facebook<\/strong><\/a>,<strong>\u00a0<\/strong><a href=\"https:\/\/www.instagram.com\/cariri_em_acao\/?hl=pt-br\"><strong>Instagram<\/strong><\/a><strong>\u00a0e\u00a0<\/strong><a href=\"https:\/\/www.youtube.com\/channel\/UCAptA0jQuYQy8vMhLt2m4qg\"><strong>Youtube<\/strong><\/a><strong>\u00a0e veja nossas mat\u00e9rias, v\u00eddeos e fotos. Voc\u00ea tamb\u00e9m pode enviar informa\u00e7\u00f5es \u00e0 Reda\u00e7\u00e3o do Portal Cariri em A\u00e7\u00e3o pelo WhatsApp (83) 9 9634.5791, (83) 9 9601-1162.<\/strong><\/p>\n","protected":false},"excerpt":{"rendered":"<p>O relator, desembargador Jo\u00e3o Pedro Gebran Neto, termina a leitura do seu relat\u00f3rio, que durou 27 minutos. Agora, o procurador do Minist\u00e9rio P\u00fablico Federal Mauricio&hellip; <\/p>\n","protected":false},"author":2,"featured_media":37073,"comment_status":"closed","ping_status":"closed","sticky":false,"template":"","format":"standard","meta":{"sfsi_plus_gutenberg_text_before_share":"","sfsi_plus_gutenberg_show_text_before_share":"","sfsi_plus_gutenberg_icon_type":"","sfsi_plus_gutenberg_icon_alignemt":"","sfsi_plus_gutenburg_max_per_row":"","footnotes":""},"categories":[11],"tags":[],"class_list":["post-38607","post","type-post","status-publish","format-standard","has-post-thumbnail","hentry","category-politica"],"_links":{"self":[{"href":"https:\/\/www.caririemacao.com\/1\/wp-json\/wp\/v2\/posts\/38607","targetHints":{"allow":["GET"]}}],"collection":[{"href":"https:\/\/www.caririemacao.com\/1\/wp-json\/wp\/v2\/posts"}],"about":[{"href":"https:\/\/www.caririemacao.com\/1\/wp-json\/wp\/v2\/types\/post"}],"author":[{"embeddable":true,"href":"https:\/\/www.caririemacao.com\/1\/wp-json\/wp\/v2\/users\/2"}],"replies":[{"embeddable":true,"href":"https:\/\/www.caririemacao.com\/1\/wp-json\/wp\/v2\/comments?post=38607"}],"version-history":[{"count":0,"href":"https:\/\/www.caririemacao.com\/1\/wp-json\/wp\/v2\/posts\/38607\/revisions"}],"wp:featuredmedia":[{"embeddable":true,"href":"https:\/\/www.caririemacao.com\/1\/wp-json\/wp\/v2\/media\/37073"}],"wp:attachment":[{"href":"https:\/\/www.caririemacao.com\/1\/wp-json\/wp\/v2\/media?parent=38607"}],"wp:term":[{"taxonomy":"category","embeddable":true,"href":"https:\/\/www.caririemacao.com\/1\/wp-json\/wp\/v2\/categories?post=38607"},{"taxonomy":"post_tag","embeddable":true,"href":"https:\/\/www.caririemacao.com\/1\/wp-json\/wp\/v2\/tags?post=38607"}],"curies":[{"name":"wp","href":"https:\/\/api.w.org\/{rel}","templated":true}]}}