{"id":38611,"date":"2018-01-24T09:58:42","date_gmt":"2018-01-24T12:58:42","guid":{"rendered":"http:\/\/caririemacao.com\/1\/?p=38611"},"modified":"2018-01-24T09:58:42","modified_gmt":"2018-01-24T12:58:42","slug":"wilson-filho-classifica-candidatura-a-deputado-estadual-como-mera-especulacao","status":"publish","type":"post","link":"https:\/\/www.caririemacao.com\/1\/2018\/01\/24\/wilson-filho-classifica-candidatura-a-deputado-estadual-como-mera-especulacao\/","title":{"rendered":"Wilson Filho classifica candidatura a deputado estadual como mera especula\u00e7\u00e3o"},"content":{"rendered":"<p>O deputado federal Wilson Filho (PTB) classificou como \u201cmera especula\u00e7\u00e3o\u201d a informa\u00e7\u00e3o que ser\u00e1 candidato a uma vaga na Assembleia Legislativa do Estado nas elei\u00e7\u00f5es de outubro. Segundo ele, o partido trabalha com a possibilidade de ter um espa\u00e7o na chapa majorit\u00e1ria e lan\u00e7\u00e1-lo a reelei\u00e7\u00e3o na C\u00e2mara.<\/p>\n<p>\u201cApesar da import\u00e2ncia do mandato de deputado estadual, isso tudo n\u00e3o passa de especula\u00e7\u00e3o. E \u00e9 at\u00e9 natural tudo isso, pelo tamanho do PTB, for\u00e7a pol\u00edtica e amplo leque de obras levada ao nosso estado e por ter tamanho pra est\u00e1 na majorit\u00e1ria, as especula\u00e7\u00f5es pol\u00edticas sempre surgem. O partido estar\u00e1 na majorit\u00e1ria, mas a chapa s\u00f3 ser\u00e1 montada l\u00e1 na frente e, por isso, a m\u00eddia tem direito de especular sobre tudo isso. Ora, nem sabemos quem ser\u00e3o todos os candidatos a governador ainda, mas o que reafirmo \u00e9 que a popula\u00e7\u00e3o quer a continuidade do nosso trabalho\u201d, disse.<\/p>\n<p>Wilson Filho est\u00e1 em seu segundo mandato na C\u00e2mara Federal e, nesse per\u00edodo, tem defendido projetos de relev\u00e2ncia para a Para\u00edba, a exemplo da cria\u00e7\u00e3o da Zona Franca do Semi\u00e1rido, do estabelecimento de prazo para a realiza\u00e7\u00e3o de exames pelo SUS; sem contar na sua defesa pela causa municipalista e de seu empenho na libera\u00e7\u00e3o de recursos para a realiza\u00e7\u00e3o de obras no Estado, a exemplo da implanta\u00e7\u00e3o da terceira faixa da BR-230. O parlamentar ocupou por tr\u00eas vezes a coordena\u00e7\u00e3o da bancada paraibana no Congresso e presidiu comiss\u00f5es importantes na C\u00e2mara, como a Comiss\u00e3o de Fiscaliza\u00e7\u00e3o e Controle.<\/p>\n<p><strong>CARIRI EM A\u00c7\u00c3O<\/strong><\/p>\n<p><em>Com Clik PB\/Foto:\u00a0Walla Santos<\/em><\/p>\n<p><strong>Leia mais not\u00edcias em\u00a0<\/strong><a href=\"http:\/\/www.caririemacao.com\/\"><strong>caririemacao.com<\/strong><\/a><strong>, siga nossa p\u00e1gina no\u00a0<\/strong><a href=\"https:\/\/www.facebook.com\/CaririEmAcao\/?ref=aymt_homepage_panel\"><strong>Facebook<\/strong><\/a>,<strong>\u00a0<\/strong><a href=\"https:\/\/www.instagram.com\/cariri_em_acao\/?hl=pt-br\"><strong>Instagram<\/strong><\/a><strong>\u00a0e\u00a0<\/strong><a href=\"https:\/\/www.youtube.com\/channel\/UCAptA0jQuYQy8vMhLt2m4qg\"><strong>Youtube<\/strong><\/a><strong>\u00a0e veja nossas mat\u00e9rias, v\u00eddeos e fotos. Voc\u00ea tamb\u00e9m pode enviar informa\u00e7\u00f5es \u00e0 Reda\u00e7\u00e3o do Portal Cariri em A\u00e7\u00e3o pelo WhatsApp (83) 9 9634.5791, (83) 9 9601-1162.<\/strong><\/p>\n","protected":false},"excerpt":{"rendered":"<p>O deputado federal Wilson Filho (PTB) classificou como \u201cmera especula\u00e7\u00e3o\u201d a informa\u00e7\u00e3o que ser\u00e1 candidato a uma vaga na Assembleia Legislativa do Estado nas elei\u00e7\u00f5es&hellip; <\/p>\n","protected":false},"author":2,"featured_media":38612,"comment_status":"closed","ping_status":"closed","sticky":false,"template":"","format":"standard","meta":{"sfsi_plus_gutenberg_text_before_share":"","sfsi_plus_gutenberg_show_text_before_share":"","sfsi_plus_gutenberg_icon_type":"","sfsi_plus_gutenberg_icon_alignemt":"","sfsi_plus_gutenburg_max_per_row":"","footnotes":""},"categories":[1],"tags":[],"class_list":["post-38611","post","type-post","status-publish","format-standard","has-post-thumbnail","hentry","category-o-site"],"_links":{"self":[{"href":"https:\/\/www.caririemacao.com\/1\/wp-json\/wp\/v2\/posts\/38611","targetHints":{"allow":["GET"]}}],"collection":[{"href":"https:\/\/www.caririemacao.com\/1\/wp-json\/wp\/v2\/posts"}],"about":[{"href":"https:\/\/www.caririemacao.com\/1\/wp-json\/wp\/v2\/types\/post"}],"author":[{"embeddable":true,"href":"https:\/\/www.caririemacao.com\/1\/wp-json\/wp\/v2\/users\/2"}],"replies":[{"embeddable":true,"href":"https:\/\/www.caririemacao.com\/1\/wp-json\/wp\/v2\/comments?post=38611"}],"version-history":[{"count":0,"href":"https:\/\/www.caririemacao.com\/1\/wp-json\/wp\/v2\/posts\/38611\/revisions"}],"wp:featuredmedia":[{"embeddable":true,"href":"https:\/\/www.caririemacao.com\/1\/wp-json\/wp\/v2\/media\/38612"}],"wp:attachment":[{"href":"https:\/\/www.caririemacao.com\/1\/wp-json\/wp\/v2\/media?parent=38611"}],"wp:term":[{"taxonomy":"category","embeddable":true,"href":"https:\/\/www.caririemacao.com\/1\/wp-json\/wp\/v2\/categories?post=38611"},{"taxonomy":"post_tag","embeddable":true,"href":"https:\/\/www.caririemacao.com\/1\/wp-json\/wp\/v2\/tags?post=38611"}],"curies":[{"name":"wp","href":"https:\/\/api.w.org\/{rel}","templated":true}]}}