{"id":38614,"date":"2018-01-24T10:03:24","date_gmt":"2018-01-24T13:03:24","guid":{"rendered":"http:\/\/caririemacao.com\/1\/?p=38614"},"modified":"2018-01-24T10:03:24","modified_gmt":"2018-01-24T13:03:24","slug":"cidades-do-cariri-vao-ficar-sem-luz-para-manutencao-da-rede-eletrica","status":"publish","type":"post","link":"https:\/\/www.caririemacao.com\/1\/2018\/01\/24\/cidades-do-cariri-vao-ficar-sem-luz-para-manutencao-da-rede-eletrica\/","title":{"rendered":"Cidades do Cariri v\u00e3o ficar sem luz para manuten\u00e7\u00e3o da rede el\u00e9trica"},"content":{"rendered":"<p>Durante esta semana, algumas cidades paraibanas v\u00e3o passar por um\u00a0<strong>desligamento<\/strong>\u00a0programado pela\u00a0<b>c<\/b>concession\u00e1ria respons\u00e1vel pelo abastecimento de energia no estado. A informa\u00e7\u00e3o foi divulgada pela empresa, que ressaltou que a interrup\u00e7\u00e3o no fornecimento acontece para que a rede passe por uma manuten\u00e7\u00e3o. Os trabalhos come\u00e7aram no \u00faltimo domingo (21) e v\u00e3o at\u00e9 o s\u00e1bado (27).<\/p>\n<p>Conforme a Energisa, caso hajam dificuldades operacionais, podem ocorrer atrasos nos hor\u00e1rios previstos para os desligamentos, especificados no edital. Al\u00e9m disso, a companhia afirmou que, se os trabalhos forem conclu\u00eddos antes do hor\u00e1rio agendado, a energia pode voltar antecipadamente.<\/p>\n<p>Nesta quarta-feira (24), vai faltar energia em \u00e1reas dos munic\u00edpios de S\u00e3o Mamede, Uira\u00fana, Bananeiras, Cabaceiras, Barra de S\u00e3o Miguel e Itabaiana. J\u00e1 nesta quinta (25), o abastecimento vai ser interrompido em regi\u00f5es de Riacho dos Cavalos, Boa Vista, Cai\u00e7ara e Pitimbu.<\/p>\n<p>Na sexta (26), o desligamento vai ocorrer nas cidades de S\u00e3o Jos\u00e9 de Piranhas, S\u00e3o Mamede, Concei\u00e7\u00e3o, Lagoa Seca, Barra de Santana, Cuitegi, Cabedelo e Conde. Por fim, no s\u00e1bado (27), a manuten\u00e7\u00e3o vai afetar Patos, S\u00e3o Jo\u00e3o do Rio do Peixe, S\u00e3o Jos\u00e9 da Mate, Alagoa Nova, S\u00e3o Jo\u00e3o do Cariri, Jo\u00e3o Pessoa e Santa Rita.<\/p>\n<div class=\"sharedaddy sd-sharing-enabled\">\n<div class=\"robots-nocontent sd-block sd-social sd-social-icon sd-sharing\">\n<p><strong>CARIRI EM A\u00c7\u00c3O<\/strong><\/p>\n<p><em>Com O Pipoco\/Foto: Reprodu\u00e7\u00e3o google<\/em><\/p>\n<p><strong>Leia mais not\u00edcias em\u00a0<\/strong><a href=\"http:\/\/www.caririemacao.com\/\"><strong>caririemacao.com<\/strong><\/a><strong>, siga nossa p\u00e1gina no\u00a0<\/strong><a href=\"https:\/\/www.facebook.com\/CaririEmAcao\/?ref=aymt_homepage_panel\"><strong>Facebook<\/strong><\/a>,<strong>\u00a0<\/strong><a href=\"https:\/\/www.instagram.com\/cariri_em_acao\/?hl=pt-br\"><strong>Instagram<\/strong><\/a><strong>\u00a0e\u00a0<\/strong><a href=\"https:\/\/www.youtube.com\/channel\/UCAptA0jQuYQy8vMhLt2m4qg\"><strong>Youtube<\/strong><\/a><strong>\u00a0e veja nossas mat\u00e9rias, v\u00eddeos e fotos. Voc\u00ea tamb\u00e9m pode enviar informa\u00e7\u00f5es \u00e0 Reda\u00e7\u00e3o do Portal Cariri em A\u00e7\u00e3o pelo WhatsApp (83) 9 9634.5791, (83) 9 9601-1162.<\/strong><\/p>\n<\/div>\n<\/div>\n","protected":false},"excerpt":{"rendered":"<p>Durante esta semana, algumas cidades paraibanas v\u00e3o passar por um\u00a0desligamento\u00a0programado pela\u00a0cconcession\u00e1ria respons\u00e1vel pelo abastecimento de energia no estado. A informa\u00e7\u00e3o foi divulgada pela empresa, que&hellip; <\/p>\n","protected":false},"author":2,"featured_media":38615,"comment_status":"closed","ping_status":"closed","sticky":false,"template":"","format":"standard","meta":{"sfsi_plus_gutenberg_text_before_share":"","sfsi_plus_gutenberg_show_text_before_share":"","sfsi_plus_gutenberg_icon_type":"","sfsi_plus_gutenberg_icon_alignemt":"","sfsi_plus_gutenburg_max_per_row":"","footnotes":""},"categories":[2],"tags":[],"class_list":["post-38614","post","type-post","status-publish","format-standard","has-post-thumbnail","hentry","category-geral"],"_links":{"self":[{"href":"https:\/\/www.caririemacao.com\/1\/wp-json\/wp\/v2\/posts\/38614","targetHints":{"allow":["GET"]}}],"collection":[{"href":"https:\/\/www.caririemacao.com\/1\/wp-json\/wp\/v2\/posts"}],"about":[{"href":"https:\/\/www.caririemacao.com\/1\/wp-json\/wp\/v2\/types\/post"}],"author":[{"embeddable":true,"href":"https:\/\/www.caririemacao.com\/1\/wp-json\/wp\/v2\/users\/2"}],"replies":[{"embeddable":true,"href":"https:\/\/www.caririemacao.com\/1\/wp-json\/wp\/v2\/comments?post=38614"}],"version-history":[{"count":0,"href":"https:\/\/www.caririemacao.com\/1\/wp-json\/wp\/v2\/posts\/38614\/revisions"}],"wp:featuredmedia":[{"embeddable":true,"href":"https:\/\/www.caririemacao.com\/1\/wp-json\/wp\/v2\/media\/38615"}],"wp:attachment":[{"href":"https:\/\/www.caririemacao.com\/1\/wp-json\/wp\/v2\/media?parent=38614"}],"wp:term":[{"taxonomy":"category","embeddable":true,"href":"https:\/\/www.caririemacao.com\/1\/wp-json\/wp\/v2\/categories?post=38614"},{"taxonomy":"post_tag","embeddable":true,"href":"https:\/\/www.caririemacao.com\/1\/wp-json\/wp\/v2\/tags?post=38614"}],"curies":[{"name":"wp","href":"https:\/\/api.w.org\/{rel}","templated":true}]}}