{"id":38620,"date":"2018-01-24T10:31:30","date_gmt":"2018-01-24T13:31:30","guid":{"rendered":"http:\/\/caririemacao.com\/1\/?p=38620"},"modified":"2018-01-24T10:35:41","modified_gmt":"2018-01-24T13:35:41","slug":"atualizacoes-de-titulos-estao-suspensas-para-500-mil-eleitores-na-pb-diz-tre","status":"publish","type":"post","link":"https:\/\/www.caririemacao.com\/1\/2018\/01\/24\/atualizacoes-de-titulos-estao-suspensas-para-500-mil-eleitores-na-pb-diz-tre\/","title":{"rendered":"Atualiza\u00e7\u00f5es de t\u00edtulos est\u00e3o suspensas para 500 mil eleitores na PB, diz TRE"},"content":{"rendered":"<div class=\" content-media content-media--normal content-media--featured content-photo\" data-block-type=\"backstage-photo\" data-block-id=\"0\">\n<div class=\"content-media__container\">\n<div class=\"content-media__description-centered mc-column\">\n<p class=\"content-media__description\">Os\u00a0500 mil eleitores da Para\u00edba atingidos pela extin\u00e7\u00e3o ou transfer\u00eancia de 14 zonas eleitorais\u00a0est\u00e3o com as atualiza\u00e7\u00f5es de t\u00edtulos eleitorais suspensas at\u00e9 7 de fevereiro. O prazo que iniciou na segunda-feira (22), de acordo com o Tribunal Regional Eleitoral, \u00e9 para a migra\u00e7\u00e3o dos dados das antigas zonas para as novas, por esse motivo que os eleitores n\u00e3o podem mexer nos cadastros durante o per\u00edodo.<\/p>\n<\/div>\n<\/div>\n<\/div>\n<div class=\"mc-column content-text active-extra-styles \" data-block-type=\"unstyled\" data-block-weight=\"55\" data-block-id=\"4\">\n<p class=\"content-text__container \" data-track-category=\"Link no Texto\" data-track-links=\"\">Os prazos processuais das 14 zonas (<em>confira lista abaixo<\/em>) tamb\u00e9m est\u00e3o suspensos. Por\u00e9m, certid\u00f5es circunstanciadas, entre elas a de quita\u00e7\u00e3o, ainda podem ser solicitadas neste prazo. Os dados dos eleitores s\u00f3 v\u00e3o poder ser atualizados a partir de 8 de fevereiro, seguindo at\u00e9 9 de maio &#8211; prazo limite para todos os tribunais do Brasil.<\/p>\n<\/div>\n<div class=\"mc-column content-text active-extra-styles \" data-block-type=\"unstyled\" data-block-weight=\"56\" data-block-id=\"5\">\n<p class=\"content-text__container \" data-track-category=\"Link no Texto\" data-track-links=\"\">O TRE garantiu que os locais de vota\u00e7\u00e3o dos eleitores das zonas extintas ou remanejadas n\u00e3o v\u00e3o mudar. O que muda \u00e9 apenas o n\u00famero da zona e da se\u00e7\u00e3o. Os atuais pr\u00e9dios que funcionam zonas eleitorais extintas v\u00e3o funcionar apenas como posto de atendimento at\u00e9 9 de maio. Ap\u00f3s a data o local ser\u00e1 fechado.<\/p>\n<p class=\"content-text__container \" data-track-category=\"Link no Texto\" data-track-links=\"\"><strong>Novo t\u00edtulo de eleitor<\/strong><\/p>\n<\/div>\n<div class=\"mc-column content-text active-extra-styles \" data-block-type=\"unstyled\" data-block-weight=\"44\" data-block-id=\"7\">\n<p class=\"content-text__container \" data-track-category=\"Link no Texto\" data-track-links=\"\">A partir de 8 de fevereiro \u00e9 que os 500 mil eleitores afetados pelas mudan\u00e7as de zonas v\u00e3o poder atualizar seus dados nos postos de atendimento e zonas eleitorais, apesar de que os novos n\u00fameros de se\u00e7\u00f5es e zonas j\u00e1 vai ser atualizados automaticamente.<\/p>\n<\/div>\n<div class=\"mc-column content-text active-extra-styles \" data-block-type=\"unstyled\" data-block-weight=\"41\" data-block-id=\"8\">\n<p class=\"content-text__container \" data-track-category=\"Link no Texto\" data-track-links=\"\">O diretor geral do Tribunal Regional Eleitoral da Para\u00edba, Andr\u00e9 Soares, disse, nesta ter\u00e7a-feira (23) durante coletiva de imprensa em Jo\u00e3o Pessoa, que o e-T\u00edtulo (t\u00edtulo eleitoral eletr\u00f4nico) \u201c\u00e9 muito melhor que o t\u00edtulo de papel pois carrega muito mais informa\u00e7\u00f5es\u201d.<\/p>\n<\/div>\n<div class=\"mc-column content-text active-extra-styles \" data-block-type=\"unstyled\" data-block-weight=\"51\" data-block-id=\"9\">\n<p class=\"content-text__container \" data-track-category=\"Link no Texto\" data-track-links=\"\">O que, na pr\u00e1tica, faz com que seja desnecess\u00e1rio os novos eleitores terem o t\u00edtulo de papel, assim como os eleitores que foram rezoneados. Andr\u00e9 tamb\u00e9m garantiu que o aplicativo, que est\u00e1 dispon\u00edvel para Android e iOS, faz com que n\u00e3o seja necess\u00e1rio levar documento de identidade na hora da vota\u00e7\u00e3o.<\/p>\n<p class=\"content-text__container \" data-track-category=\"Link no Texto\" data-track-links=\"\"><span style=\"font-family: inherit; font-size: inherit; font-style: inherit; font-variant-ligatures: inherit; font-variant-caps: inherit; font-weight: inherit; text-align: center;\">Confira as zonas eleitorais da Para\u00edba que sofreram mudan\u00e7as<\/span><\/p>\n<\/div>\n<div class=\"mc-column content-text active-extra-styles\" data-block-type=\"raw\" data-block-weight=\"1\" data-block-id=\"12\">\n<div class=\"content-intertitle\">\n<p><strong>Extintas<\/strong><\/p>\n<\/div>\n<\/div>\n<div class=\"mc-column content-text active-extra-styles\" data-block-type=\"raw\" data-block-weight=\"58\" data-block-id=\"13\">\n<ul class=\"content-unordered-list\">\n<li>5\u00aa Zona Eleitoral, sede em Pilar;<\/li>\n<li>12\u00aa Zona Eleitoral, sede em Serraria;<\/li>\n<li>15\u00aa Zona Eleitoral, sede em Cai\u00e7ara;<\/li>\n<li>21\u00aa Zona Eleitoral, sede em Cabaceiras;<\/li>\n<li>39\u00aa Zona Eleitoral, sede em Bonito de Santa F\u00e9;<\/li>\n<li>45\u00aa Zona Eleitoral, sede em Pil\u00f5es;<\/li>\n<li>46\u00aa Zona Eleitoral, sede em Alagoinha;<\/li>\n<li>54\u00aa Zona Eleitoral, sede em Bel\u00e9m;<\/li>\n<li>71\u00aa Zona Eleitoral, sede em Campina Grande;<\/li>\n<\/ul>\n<\/div>\n<div class=\"mc-column content-text active-extra-styles\" data-block-type=\"raw\" data-block-weight=\"1\" data-block-id=\"14\">\n<div class=\"content-intertitle\">\n<p><strong>Transferidas<\/strong><\/p>\n<\/div>\n<\/div>\n<div data-track-category=\"fim do conteudo\" data-track-action=\"ultimo chunk conteudo\" data-track-noninteraction=\"false\" data-track-scroll=\"entrada completa viewport\">\n<div class=\"mc-column content-text active-extra-styles\" data-block-type=\"raw\" data-block-weight=\"50\" data-block-id=\"15\">\n<ul class=\"content-unordered-list\">\n<li>3\u00aa Zona Eleitoral ser\u00e1 transferida de Cruz do Esp\u00edrito Santo para Santa Rita;<\/li>\n<li>42\u00aa Zona Eleitoral ser\u00e1 transferida de Cajazeiras para Itaporanga;<\/li>\n<li>51\u00aa Zona Eleitoral ser\u00e1 transferida de Malta para Patos;<\/li>\n<li>52\u00aa Zona Eleitoral ser\u00e1 transferida de Coremas para Pombal;<\/li>\n<li>74\u00aa Zona Eleitoral ser\u00e1 transferida de Prata para \u00c1gua Branca.<\/li>\n<\/ul>\n<p><strong>CARIRI EM A\u00c7\u00c3O<\/strong><\/p>\n<p><em>Com G1 \/Foto: Reprodu\u00e7\u00e3o Internet, Divulga\u00e7\u00e3o \u00a0<\/em><\/p>\n<p><strong>Leia mais not\u00edcias em\u00a0<\/strong><a href=\"http:\/\/www.caririemacao.com\/\"><strong>caririemacao.com<\/strong><\/a><strong>, siga nossa p\u00e1gina no\u00a0<\/strong><a href=\"https:\/\/www.facebook.com\/CaririEmAcao\/?ref=aymt_homepage_panel\"><strong>Facebook<\/strong><\/a>,<strong>\u00a0<\/strong><a href=\"https:\/\/www.instagram.com\/cariri_em_acao\/?hl=pt-br\"><strong>Instagram<\/strong><\/a><strong>\u00a0e <\/strong><a href=\"https:\/\/www.youtube.com\/channel\/UCAptA0jQuYQy8vMhLt2m4qg\"><strong>Youtube<\/strong><\/a><strong>\u00a0e veja nossas mat\u00e9rias, v\u00eddeos e fotos. Voc\u00ea tamb\u00e9m pode enviar informa\u00e7\u00f5es \u00e0 Reda\u00e7\u00e3o do Portal Cariri em A\u00e7\u00e3o pelo WhatsApp (83) 9 9634.5791, (83) 9 9601-1162.<\/strong><\/p>\n<\/div>\n<\/div>\n","protected":false},"excerpt":{"rendered":"<p>Os\u00a0500 mil eleitores da Para\u00edba atingidos pela extin\u00e7\u00e3o ou transfer\u00eancia de 14 zonas eleitorais\u00a0est\u00e3o com as atualiza\u00e7\u00f5es de t\u00edtulos eleitorais suspensas at\u00e9 7 de fevereiro.&hellip; <\/p>\n","protected":false},"author":2,"featured_media":15228,"comment_status":"closed","ping_status":"closed","sticky":false,"template":"","format":"standard","meta":{"sfsi_plus_gutenberg_text_before_share":"","sfsi_plus_gutenberg_show_text_before_share":"","sfsi_plus_gutenberg_icon_type":"","sfsi_plus_gutenberg_icon_alignemt":"","sfsi_plus_gutenburg_max_per_row":"","footnotes":""},"categories":[1],"tags":[],"class_list":["post-38620","post","type-post","status-publish","format-standard","has-post-thumbnail","hentry","category-o-site"],"_links":{"self":[{"href":"https:\/\/www.caririemacao.com\/1\/wp-json\/wp\/v2\/posts\/38620","targetHints":{"allow":["GET"]}}],"collection":[{"href":"https:\/\/www.caririemacao.com\/1\/wp-json\/wp\/v2\/posts"}],"about":[{"href":"https:\/\/www.caririemacao.com\/1\/wp-json\/wp\/v2\/types\/post"}],"author":[{"embeddable":true,"href":"https:\/\/www.caririemacao.com\/1\/wp-json\/wp\/v2\/users\/2"}],"replies":[{"embeddable":true,"href":"https:\/\/www.caririemacao.com\/1\/wp-json\/wp\/v2\/comments?post=38620"}],"version-history":[{"count":0,"href":"https:\/\/www.caririemacao.com\/1\/wp-json\/wp\/v2\/posts\/38620\/revisions"}],"wp:featuredmedia":[{"embeddable":true,"href":"https:\/\/www.caririemacao.com\/1\/wp-json\/wp\/v2\/media\/15228"}],"wp:attachment":[{"href":"https:\/\/www.caririemacao.com\/1\/wp-json\/wp\/v2\/media?parent=38620"}],"wp:term":[{"taxonomy":"category","embeddable":true,"href":"https:\/\/www.caririemacao.com\/1\/wp-json\/wp\/v2\/categories?post=38620"},{"taxonomy":"post_tag","embeddable":true,"href":"https:\/\/www.caririemacao.com\/1\/wp-json\/wp\/v2\/tags?post=38620"}],"curies":[{"name":"wp","href":"https:\/\/api.w.org\/{rel}","templated":true}]}}