{"id":38625,"date":"2018-01-24T10:39:05","date_gmt":"2018-01-24T13:39:05","guid":{"rendered":"http:\/\/caririemacao.com\/1\/?p=38625"},"modified":"2018-01-24T10:39:05","modified_gmt":"2018-01-24T13:39:05","slug":"concurso-da-prefeitura-de-serra-branca-tem-inscricoes-abertas-ate-o-proximo-domingo","status":"publish","type":"post","link":"https:\/\/www.caririemacao.com\/1\/2018\/01\/24\/concurso-da-prefeitura-de-serra-branca-tem-inscricoes-abertas-ate-o-proximo-domingo\/","title":{"rendered":"Concurso da Prefeitura de Serra Branca tem inscri\u00e7\u00f5es abertas at\u00e9 o pr\u00f3ximo domingo"},"content":{"rendered":"<p>As inscri\u00e7\u00f5es para o concurso p\u00fablico da Prefeitura de Serra Branca seguem at\u00e9 o dia 28 de janeiro e devem ser realizadas pelo site da organizadora do certame CPCON \u2013<a href=\"https:\/\/cpcon.uepb.edu.br\/concursos\/PMSerraBrancaPB2018\/\"> Comiss\u00e3o Permanente de Concursos da UEPB.<\/a><\/p>\n<p>Segundo o edital do concurso da prefeitura de Serra Branca 104 vagas est\u00e3o disponibilizadas sendo 10 delas reservadas para pessoas com defici\u00eancia. H\u00e1 cargos dispon\u00edveis nos n\u00edveis fundamental, m\u00e9dio e superior. Os sal\u00e1rios variam entre R$ 937 e R$ 1.735.<\/p>\n<p>O concurso vai selecionar profissionais para exercer as seguintes vagas: auxiliar de servi\u00e7os gerais, cozinheiro, motorista D, operador de retroescavadeira, operador de motoniveladora, operador de trator de esteira, pedreiro, porteiro, vigia, agente administrativo, agente de sa\u00fade, cuidador educacional, eletricista, recepcionista, t\u00e9cnico em enfermagem ESF, al\u00e9m de diversos outras vagas nas \u00e1reas da sa\u00fade e educa\u00e7\u00e3o.<\/p>\n<p>Durante esta semana surgiram informa\u00e7\u00f5es que o concurso poderia ser prejudicado porque algumas das vagas disponibilizadas no edital n\u00e3o est\u00e3o legalmente constitu\u00eddas na estrutura municipal. Em conversa com nossa reportagem o procurador do munic\u00edpio, Dr. Josedeo Saraiva explicou que de todos os cargos oferecidos no concurso apenas o de Cuidador Educacional n\u00e3o consta na estrutura do munic\u00edpio, mas que um projeto j\u00e1 foi preparado e ser\u00e1 enviado para a C\u00e2mara Municipal para que seja feita a legaliza\u00e7\u00e3o deste posto.<\/p>\n<p>A taxa de inscri\u00e7\u00e3o para o concurso \u00e9 de R$ 80, para cargos de n\u00edvel fundamental, R$ 100 para cargos de n\u00edveis m\u00e9dio e t\u00e9cnico e R$ 120 para cargos de n\u00edvel superior. As provas est\u00e3o previstas para acontecer no dia 11 de mar\u00e7o de 2018, com a homologa\u00e7\u00e3o do resultado final prevista para o dia 3 de abril.<\/p>\n<p><strong>CARIRI EM A\u00c7\u00c3O<\/strong><\/p>\n<p><em>Com Para\u00edba\u00a0Mix\u00a0 \/Foto: Reprodu\u00e7\u00e3o Internet<\/em><\/p>\n<p><strong>Leia mais not\u00edcias em\u00a0<\/strong><a href=\"http:\/\/www.caririemacao.com\/\"><strong>caririemacao.com<\/strong><\/a><strong>, siga nossa p\u00e1gina no\u00a0<\/strong><a href=\"https:\/\/www.facebook.com\/CaririEmAcao\/?ref=aymt_homepage_panel\"><strong>Facebook<\/strong><\/a>,<strong>\u00a0<\/strong><a href=\"https:\/\/www.instagram.com\/cariri_em_acao\/?hl=pt-br\"><strong>Instagram<\/strong><\/a><strong>\u00a0e <\/strong><a href=\"https:\/\/www.youtube.com\/channel\/UCAptA0jQuYQy8vMhLt2m4qg\"><strong>Youtube<\/strong><\/a><strong>\u00a0e veja nossas mat\u00e9rias, v\u00eddeos e fotos. Voc\u00ea tamb\u00e9m pode enviar informa\u00e7\u00f5es \u00e0 Reda\u00e7\u00e3o do Portal Cariri em A\u00e7\u00e3o pelo WhatsApp (83) 9 9634.5791, (83) 9 9601-1162.<\/strong><\/p>\n","protected":false},"excerpt":{"rendered":"<p>As inscri\u00e7\u00f5es para o concurso p\u00fablico da Prefeitura de Serra Branca seguem at\u00e9 o dia 28 de janeiro e devem ser realizadas pelo site da&hellip; <\/p>\n","protected":false},"author":2,"featured_media":36473,"comment_status":"closed","ping_status":"closed","sticky":false,"template":"","format":"standard","meta":{"sfsi_plus_gutenberg_text_before_share":"","sfsi_plus_gutenberg_show_text_before_share":"","sfsi_plus_gutenberg_icon_type":"","sfsi_plus_gutenberg_icon_alignemt":"","sfsi_plus_gutenburg_max_per_row":"","footnotes":""},"categories":[6],"tags":[],"class_list":["post-38625","post","type-post","status-publish","format-standard","has-post-thumbnail","hentry","category-cidades"],"_links":{"self":[{"href":"https:\/\/www.caririemacao.com\/1\/wp-json\/wp\/v2\/posts\/38625","targetHints":{"allow":["GET"]}}],"collection":[{"href":"https:\/\/www.caririemacao.com\/1\/wp-json\/wp\/v2\/posts"}],"about":[{"href":"https:\/\/www.caririemacao.com\/1\/wp-json\/wp\/v2\/types\/post"}],"author":[{"embeddable":true,"href":"https:\/\/www.caririemacao.com\/1\/wp-json\/wp\/v2\/users\/2"}],"replies":[{"embeddable":true,"href":"https:\/\/www.caririemacao.com\/1\/wp-json\/wp\/v2\/comments?post=38625"}],"version-history":[{"count":0,"href":"https:\/\/www.caririemacao.com\/1\/wp-json\/wp\/v2\/posts\/38625\/revisions"}],"wp:featuredmedia":[{"embeddable":true,"href":"https:\/\/www.caririemacao.com\/1\/wp-json\/wp\/v2\/media\/36473"}],"wp:attachment":[{"href":"https:\/\/www.caririemacao.com\/1\/wp-json\/wp\/v2\/media?parent=38625"}],"wp:term":[{"taxonomy":"category","embeddable":true,"href":"https:\/\/www.caririemacao.com\/1\/wp-json\/wp\/v2\/categories?post=38625"},{"taxonomy":"post_tag","embeddable":true,"href":"https:\/\/www.caririemacao.com\/1\/wp-json\/wp\/v2\/tags?post=38625"}],"curies":[{"name":"wp","href":"https:\/\/api.w.org\/{rel}","templated":true}]}}