{"id":38627,"date":"2018-01-24T10:45:31","date_gmt":"2018-01-24T13:45:31","guid":{"rendered":"http:\/\/caririemacao.com\/1\/?p=38627"},"modified":"2018-01-24T10:45:31","modified_gmt":"2018-01-24T13:45:31","slug":"objetivo-do-julgamento-e-impedir-candidatura-de-lula-diz-governador-da-bahia","status":"publish","type":"post","link":"https:\/\/www.caririemacao.com\/1\/2018\/01\/24\/objetivo-do-julgamento-e-impedir-candidatura-de-lula-diz-governador-da-bahia\/","title":{"rendered":"Objetivo do julgamento \u00e9 impedir candidatura de Lula, diz governador da Bahia"},"content":{"rendered":"<p>O governador da Bahia, Rui Costa (PT), afirmou, em v\u00eddeo em sua p\u00e1gina oficial no Twitter, que &#8220;est\u00e1 ficando claro n\u00e3o s\u00f3 para os brasileiros, mas para imprensa internacional&#8221; que o objetivo do julgamento do ex-presidente Luiz In\u00e1cio Lula da Silva n\u00e3o \u00e9 fazer justi\u00e7a, mas impedir a candidatura do petista \u00e0 Presid\u00eancia da Rep\u00fablica.<\/p>\n<p>&#8220;O objetivo \u00e9 interferir no ambiente democr\u00e1tico, o objetivo \u00e9 usar o Judici\u00e1rio como ferramenta para impedir a candidatura do Lula&#8221;, disse Costa.<\/p>\n<p>O governador da Bahia ainda pediu que o Judici\u00e1rio do Pa\u00eds tenha &#8220;serenidade&#8221; e fa\u00e7a &#8220;justi\u00e7a&#8221;, referindo-se aos desembargadores que v\u00e3o julgar o caso em segunda inst\u00e2ncia no Tribunal Regional Federal da 4\u00aa Regi\u00e3o (TRF-4), em Porto Alegre, nesta quarta-feira.<\/p>\n<p>Rui Costa tamb\u00e9m criticou a decis\u00e3o do juiz federal Sergio Moro de condenar Lula a 9 anos e meio de pris\u00e3o no caso do tr\u00edplex do Guaruj\u00e1 (SP). Segundo ele, n\u00e3o foi encontrada nenhuma prova contra o ex-presidente e a condena\u00e7\u00e3o foi feita com base &#8220;no pr\u00f3prio texto do juiz&#8221; e em &#8220;ind\u00edcios&#8221;.<\/p>\n<p><strong>CARIRI EM A\u00c7\u00c3O<\/strong><\/p>\n<p><em>Com\u00a0Uol \/Foto: Reprodu\u00e7\u00e3o Internet<\/em><\/p>\n<p><strong>Leia mais not\u00edcias em\u00a0<\/strong><a href=\"http:\/\/www.caririemacao.com\/\"><strong>caririemacao.com<\/strong><\/a><strong>, siga nossa p\u00e1gina no\u00a0<\/strong><a href=\"https:\/\/www.facebook.com\/CaririEmAcao\/?ref=aymt_homepage_panel\"><strong>Facebook<\/strong><\/a>,<strong>\u00a0<\/strong><a href=\"https:\/\/www.instagram.com\/cariri_em_acao\/?hl=pt-br\"><strong>Instagram<\/strong><\/a><strong>\u00a0e <\/strong><a href=\"https:\/\/www.youtube.com\/channel\/UCAptA0jQuYQy8vMhLt2m4qg\"><strong>Youtube<\/strong><\/a><strong>\u00a0e veja nossas mat\u00e9rias, v\u00eddeos e fotos. Voc\u00ea tamb\u00e9m pode enviar informa\u00e7\u00f5es \u00e0 Reda\u00e7\u00e3o do Portal Cariri em A\u00e7\u00e3o pelo WhatsApp (83) 9 9634.5791, (83) 9 9601-1162.<\/strong><\/p>\n","protected":false},"excerpt":{"rendered":"<p>O governador da Bahia, Rui Costa (PT), afirmou, em v\u00eddeo em sua p\u00e1gina oficial no Twitter, que &#8220;est\u00e1 ficando claro n\u00e3o s\u00f3 para os brasileiros,&hellip; <\/p>\n","protected":false},"author":2,"featured_media":38628,"comment_status":"closed","ping_status":"closed","sticky":false,"template":"","format":"standard","meta":{"sfsi_plus_gutenberg_text_before_share":"","sfsi_plus_gutenberg_show_text_before_share":"","sfsi_plus_gutenberg_icon_type":"","sfsi_plus_gutenberg_icon_alignemt":"","sfsi_plus_gutenburg_max_per_row":"","footnotes":""},"categories":[11],"tags":[],"class_list":["post-38627","post","type-post","status-publish","format-standard","has-post-thumbnail","hentry","category-politica"],"_links":{"self":[{"href":"https:\/\/www.caririemacao.com\/1\/wp-json\/wp\/v2\/posts\/38627","targetHints":{"allow":["GET"]}}],"collection":[{"href":"https:\/\/www.caririemacao.com\/1\/wp-json\/wp\/v2\/posts"}],"about":[{"href":"https:\/\/www.caririemacao.com\/1\/wp-json\/wp\/v2\/types\/post"}],"author":[{"embeddable":true,"href":"https:\/\/www.caririemacao.com\/1\/wp-json\/wp\/v2\/users\/2"}],"replies":[{"embeddable":true,"href":"https:\/\/www.caririemacao.com\/1\/wp-json\/wp\/v2\/comments?post=38627"}],"version-history":[{"count":0,"href":"https:\/\/www.caririemacao.com\/1\/wp-json\/wp\/v2\/posts\/38627\/revisions"}],"wp:featuredmedia":[{"embeddable":true,"href":"https:\/\/www.caririemacao.com\/1\/wp-json\/wp\/v2\/media\/38628"}],"wp:attachment":[{"href":"https:\/\/www.caririemacao.com\/1\/wp-json\/wp\/v2\/media?parent=38627"}],"wp:term":[{"taxonomy":"category","embeddable":true,"href":"https:\/\/www.caririemacao.com\/1\/wp-json\/wp\/v2\/categories?post=38627"},{"taxonomy":"post_tag","embeddable":true,"href":"https:\/\/www.caririemacao.com\/1\/wp-json\/wp\/v2\/tags?post=38627"}],"curies":[{"name":"wp","href":"https:\/\/api.w.org\/{rel}","templated":true}]}}