{"id":38633,"date":"2018-01-24T11:46:27","date_gmt":"2018-01-24T14:46:27","guid":{"rendered":"http:\/\/caririemacao.com\/1\/?p=38633"},"modified":"2018-01-24T11:52:23","modified_gmt":"2018-01-24T14:52:23","slug":"relator-rejeita-todos-os-pedidos-de-nulidade-feitos-pela-defesa-de-lula","status":"publish","type":"post","link":"https:\/\/www.caririemacao.com\/1\/2018\/01\/24\/relator-rejeita-todos-os-pedidos-de-nulidade-feitos-pela-defesa-de-lula\/","title":{"rendered":"Relator rejeita todos os pedidos de nulidade feitos pela defesa de Lula"},"content":{"rendered":"<p>O relator da Lava Jato no Tribunal Regional Eleitoral da 4.\u00aa Regi\u00e3o, desembargador Jo\u00e3o Pedro Gebran Neto, rejeitou todas os pedidos de nulidade realizados pela defesa do ex-presidente Luiz In\u00e1cio Lula da Silva na condena\u00e7\u00e3o feita em primeira inst\u00e2ncia pelo juiz S\u00e9rgio Moro no caso do triplex do Guaruj\u00e1 (SP). &#8220;N\u00e3o h\u00e1 nulidade h\u00e1 ser declarada. O pedido se funda em mera discord\u00e2ncia das partes com os par\u00e2metros do juiz de 1\u00ba grau&#8221;, afirmou.<\/p>\n<p>Sobre a alega\u00e7\u00e3o da defesa que n\u00e3o h\u00e1 correla\u00e7\u00e3o entre a den\u00fancia do Minist\u00e9rio P\u00fablico e a senten\u00e7a de Moro, Gebran Neto disse que a den\u00fancia \u00e9 clara no sentido de que o r\u00e9u solicitou e recebeu vantagens indevidas as quais foram oferecidas por L\u00e9o Pinheiro, da OAS. &#8220;N\u00e3o h\u00e1 nulidade a ser declarada por aus\u00eancia de fundamenta\u00e7\u00e3o na senten\u00e7a&#8221;, sustentou.<\/p>\n<p>O relator tamb\u00e9m disse que n\u00e3o cabe a terceiros questionar os termos de um acordo de dela\u00e7\u00e3o premiada, se referindo \u00e0 alega\u00e7\u00e3o da defesa relativa a questionamentos feitos \u00e0s testemunhas. Segundo Gebran Neto, as perguntas indeferidas n\u00e3o dizem respeito ao processo, mas a eventuais colabora\u00e7\u00f5es que estariam sendo tabuladas.<\/p>\n<p><b>&#8216;Esquema maior&#8217;<\/b><\/p>\n<p>O desembargador Gebran Neto, afirmou que a corrup\u00e7\u00e3o passiva cometida pelo ex-presidente, conforme a condena\u00e7\u00e3o do juiz Sergio Moro, n\u00e3o exige demonstra\u00e7\u00e3o ativa de Lula em cada um dos contratos. &#8220;O r\u00e9u em verdade era o garantidor de um esquema maior que tinha por finalidade o financiamento de partidos.&#8221;<\/p>\n<p>O relator estava se referindo \u00e0 alega\u00e7\u00e3o da defesa de Lula que dizia que a senten\u00e7a n\u00e3o havia indicado o ato de of\u00edcio para imputa\u00e7\u00e3o de corrup\u00e7\u00e3o passiva. &#8220;H\u00e1 equ\u00edvoco da defesa.&#8221;<\/p>\n<p>Segundo ele, citando decis\u00f5es do Supremo Tribunal Federal (STF), provas indiretas podem ser utilizadas quando h\u00e1 sustenta\u00e7\u00e3o com outras provas. Ele afirmou que os depoimentos de outros r\u00e9us no processo podem ser utilizados se suportadas com outros ind\u00edcios e colocadas sob o contradit\u00f3rio, referindo-se a L\u00e9o Pinheiro e Agenor Franklin.<\/p>\n<p><strong>CARIRI EM A\u00c7\u00c3O<\/strong><\/p>\n<p><em>Com Estad\u00e3o Conte\u00fado\/Foto: Reprodu\u00e7\u00e3o Internet<\/em><\/p>\n<p><strong>Leia mais not\u00edcias em\u00a0<\/strong><a href=\"http:\/\/www.caririemacao.com\/\"><strong>caririemacao.com<\/strong><\/a><strong>, siga nossa p\u00e1gina no\u00a0<\/strong><a href=\"https:\/\/www.facebook.com\/CaririEmAcao\/?ref=aymt_homepage_panel\"><strong>Facebook<\/strong><\/a>,<strong>\u00a0<\/strong><a href=\"https:\/\/www.instagram.com\/cariri_em_acao\/?hl=pt-br\"><strong>Instagram<\/strong><\/a><strong>\u00a0e <\/strong><a href=\"https:\/\/www.youtube.com\/channel\/UCAptA0jQuYQy8vMhLt2m4qg\"><strong>Youtube<\/strong><\/a><strong>\u00a0e veja nossas mat\u00e9rias, v\u00eddeos e fotos. Voc\u00ea tamb\u00e9m pode enviar informa\u00e7\u00f5es \u00e0 Reda\u00e7\u00e3o do Portal Cariri em A\u00e7\u00e3o pelo WhatsApp (83) 9 9634.5791, (83) 9 9601-1162.<\/strong><\/p>\n","protected":false},"excerpt":{"rendered":"<p>O relator da Lava Jato no Tribunal Regional Eleitoral da 4.\u00aa Regi\u00e3o, desembargador Jo\u00e3o Pedro Gebran Neto, rejeitou todas os pedidos de nulidade realizados pela&hellip; <\/p>\n","protected":false},"author":2,"featured_media":38634,"comment_status":"closed","ping_status":"closed","sticky":false,"template":"","format":"standard","meta":{"sfsi_plus_gutenberg_text_before_share":"","sfsi_plus_gutenberg_show_text_before_share":"","sfsi_plus_gutenberg_icon_type":"","sfsi_plus_gutenberg_icon_alignemt":"","sfsi_plus_gutenburg_max_per_row":"","footnotes":""},"categories":[11],"tags":[],"class_list":["post-38633","post","type-post","status-publish","format-standard","has-post-thumbnail","hentry","category-politica"],"_links":{"self":[{"href":"https:\/\/www.caririemacao.com\/1\/wp-json\/wp\/v2\/posts\/38633","targetHints":{"allow":["GET"]}}],"collection":[{"href":"https:\/\/www.caririemacao.com\/1\/wp-json\/wp\/v2\/posts"}],"about":[{"href":"https:\/\/www.caririemacao.com\/1\/wp-json\/wp\/v2\/types\/post"}],"author":[{"embeddable":true,"href":"https:\/\/www.caririemacao.com\/1\/wp-json\/wp\/v2\/users\/2"}],"replies":[{"embeddable":true,"href":"https:\/\/www.caririemacao.com\/1\/wp-json\/wp\/v2\/comments?post=38633"}],"version-history":[{"count":0,"href":"https:\/\/www.caririemacao.com\/1\/wp-json\/wp\/v2\/posts\/38633\/revisions"}],"wp:featuredmedia":[{"embeddable":true,"href":"https:\/\/www.caririemacao.com\/1\/wp-json\/wp\/v2\/media\/38634"}],"wp:attachment":[{"href":"https:\/\/www.caririemacao.com\/1\/wp-json\/wp\/v2\/media?parent=38633"}],"wp:term":[{"taxonomy":"category","embeddable":true,"href":"https:\/\/www.caririemacao.com\/1\/wp-json\/wp\/v2\/categories?post=38633"},{"taxonomy":"post_tag","embeddable":true,"href":"https:\/\/www.caririemacao.com\/1\/wp-json\/wp\/v2\/tags?post=38633"}],"curies":[{"name":"wp","href":"https:\/\/api.w.org\/{rel}","templated":true}]}}