{"id":38641,"date":"2018-01-24T16:43:35","date_gmt":"2018-01-24T19:43:35","guid":{"rendered":"http:\/\/caririemacao.com\/1\/?p=38641"},"modified":"2018-01-24T16:43:35","modified_gmt":"2018-01-24T19:43:35","slug":"lamentavelmente-lula-se-corrompeu-diz-procurador-em-julgamento-no-trf4","status":"publish","type":"post","link":"https:\/\/www.caririemacao.com\/1\/2018\/01\/24\/lamentavelmente-lula-se-corrompeu-diz-procurador-em-julgamento-no-trf4\/","title":{"rendered":"\u2018Lamentavelmente, Lula se corrompeu\u2019, diz procurador em julgamento no TRF4"},"content":{"rendered":"<p>O procurador Regional da Rep\u00fablica Maur\u00edcio Gotardo Gerum, afirmou, nesta quarta-feira (24), no julgamento do recurso do ex-presidente Luiz In\u00e1cio Lula da Silva no Tribunal Regional Federal da 4\u00aa Regi\u00e3o (TRF4), que o ex-chefe do Executivo se corrompeu e que a defesa n\u00e3o conseguiu apresentar qualquer elemento probat\u00f3rio consistente que afastasse a acusa\u00e7\u00e3o dos crimes de corrup\u00e7\u00e3o passiva e lavagem de dinheiro. \u201cLamentavelmente, Lula se corrompeu\u201d, resumiu.<\/p>\n<p>Gerum tamb\u00e9m questionou a atua\u00e7\u00e3o do ex-presidente da empreiteira da OAS, Jos\u00e9 Aldemario Pinheiro Filho, ao mostrar a Lula o apartamento triplex no Condom\u00ednio Solaris, no Guaruj\u00e1, em S\u00e3o Paulo. \u201cCausa estranheza que o presidente da empreiteira fa\u00e7a as vezes de mestre de cerim\u00f4nia ou corretor de im\u00f3veis ao apresentar o im\u00f3vel a um ex-presidente e a sua fam\u00edlia\u201d.<\/p>\n<p>Ele tamb\u00e9m questionou o que chamou de \u201ccultura retr\u00f3grada\u201d, ao comentar a rela\u00e7\u00e3o entre o mundo empresarial e o mundo pol\u00edtico. \u201cEssa rela\u00e7\u00e3o entre o mundo pol\u00edtico e empresarial se mostra como uma intimidade absolutamente artificial baseada apenas no toma l\u00e1 da c\u00e1\u201d.<\/p>\n<p>Na sustenta\u00e7\u00e3o, o procurador acusou o petista de ser o verdadeiro dono do triplex. E rebateu a tese da defesa de que Lula n\u00e3o atuava na indica\u00e7\u00e3o de diretores da Petrobras. \u201cEra evidente e transparece nos autos a atua\u00e7\u00e3o de Lula na indica\u00e7\u00e3o de diretores da Petrobras\u201d, afirmou. Disse tamb\u00e9m que, ao assumirem os cargos, os diretores da estatal assumiam, o que chamou de, \u201ccl\u00e1usula de corrup\u00e7\u00e3o\u201d.<\/p>\n<p>A apela\u00e7\u00e3o da defesa de Lula \u00e9 contra a condena\u00e7\u00e3o a 9 anos e 6 meses de pris\u00e3o no caso do triplex do Guaruj\u00e1 \u2013 aplicada pelo juiz S\u00e9rgio Moro, respons\u00e1vel pelos processos da Opera\u00e7\u00e3o Lava Jato na primeira inst\u00e2ncia da Justi\u00e7a Federal, em Curitiba (PR).<\/p>\n<p><strong>CARIRI EM A\u00c7\u00c3O<\/strong><\/p>\n<p><em>Com \u00a0Ag\u00eancia Brasil\/Foto: Reprodu\u00e7\u00e3o Internet<\/em><\/p>\n<p><strong>Leia mais not\u00edcias em\u00a0<\/strong><a href=\"http:\/\/www.caririemacao.com\/\"><strong>caririemacao.com<\/strong><\/a><strong>, siga nossa p\u00e1gina no\u00a0<\/strong><a href=\"https:\/\/www.facebook.com\/CaririEmAcao\/?ref=aymt_homepage_panel\"><strong>Facebook<\/strong><\/a>,<strong>\u00a0<\/strong><a href=\"https:\/\/www.instagram.com\/cariri_em_acao\/?hl=pt-br\"><strong>Instagram<\/strong><\/a><strong>\u00a0e <\/strong><a href=\"https:\/\/www.youtube.com\/channel\/UCAptA0jQuYQy8vMhLt2m4qg\"><strong>Youtube<\/strong><\/a><strong>\u00a0e veja nossas mat\u00e9rias, v\u00eddeos e fotos. Voc\u00ea tamb\u00e9m pode enviar informa\u00e7\u00f5es \u00e0 Reda\u00e7\u00e3o do Portal Cariri em A\u00e7\u00e3o pelo WhatsApp (83) 9 9634.5791, (83) 9 9601-1162.<\/strong><\/p>\n","protected":false},"excerpt":{"rendered":"<p>O procurador Regional da Rep\u00fablica Maur\u00edcio Gotardo Gerum, afirmou, nesta quarta-feira (24), no julgamento do recurso do ex-presidente Luiz In\u00e1cio Lula da Silva no Tribunal&hellip; <\/p>\n","protected":false},"author":2,"featured_media":38642,"comment_status":"closed","ping_status":"closed","sticky":false,"template":"","format":"standard","meta":{"sfsi_plus_gutenberg_text_before_share":"","sfsi_plus_gutenberg_show_text_before_share":"","sfsi_plus_gutenberg_icon_type":"","sfsi_plus_gutenberg_icon_alignemt":"","sfsi_plus_gutenburg_max_per_row":"","footnotes":""},"categories":[11],"tags":[],"class_list":["post-38641","post","type-post","status-publish","format-standard","has-post-thumbnail","hentry","category-politica"],"_links":{"self":[{"href":"https:\/\/www.caririemacao.com\/1\/wp-json\/wp\/v2\/posts\/38641","targetHints":{"allow":["GET"]}}],"collection":[{"href":"https:\/\/www.caririemacao.com\/1\/wp-json\/wp\/v2\/posts"}],"about":[{"href":"https:\/\/www.caririemacao.com\/1\/wp-json\/wp\/v2\/types\/post"}],"author":[{"embeddable":true,"href":"https:\/\/www.caririemacao.com\/1\/wp-json\/wp\/v2\/users\/2"}],"replies":[{"embeddable":true,"href":"https:\/\/www.caririemacao.com\/1\/wp-json\/wp\/v2\/comments?post=38641"}],"version-history":[{"count":0,"href":"https:\/\/www.caririemacao.com\/1\/wp-json\/wp\/v2\/posts\/38641\/revisions"}],"wp:featuredmedia":[{"embeddable":true,"href":"https:\/\/www.caririemacao.com\/1\/wp-json\/wp\/v2\/media\/38642"}],"wp:attachment":[{"href":"https:\/\/www.caririemacao.com\/1\/wp-json\/wp\/v2\/media?parent=38641"}],"wp:term":[{"taxonomy":"category","embeddable":true,"href":"https:\/\/www.caririemacao.com\/1\/wp-json\/wp\/v2\/categories?post=38641"},{"taxonomy":"post_tag","embeddable":true,"href":"https:\/\/www.caririemacao.com\/1\/wp-json\/wp\/v2\/tags?post=38641"}],"curies":[{"name":"wp","href":"https:\/\/api.w.org\/{rel}","templated":true}]}}