{"id":38650,"date":"2018-01-24T20:10:52","date_gmt":"2018-01-24T23:10:52","guid":{"rendered":"http:\/\/caririemacao.com\/1\/?p=38650"},"modified":"2018-01-24T20:10:52","modified_gmt":"2018-01-24T23:10:52","slug":"condenado-lula-ainda-enfrenta-quase-uma-dezena-de-processos-na-justica","status":"publish","type":"post","link":"https:\/\/www.caririemacao.com\/1\/2018\/01\/24\/condenado-lula-ainda-enfrenta-quase-uma-dezena-de-processos-na-justica\/","title":{"rendered":"Condenado, Lula ainda enfrenta quase uma dezena de processos na Justi\u00e7a"},"content":{"rendered":"<p>O Tribunal Regional Federal da 4\u00aa Regi\u00e3o (TRF-4), em Porto Alegre (RS), ampliou por unanimidade a pena do ex-presidente Lula para 12 anos e 1 m\u00eas de pris\u00e3o, pelos crimes de corrup\u00e7\u00e3o passiva e lavagem de dinheiro, no processo que apura o uso de um apartamento triplex no Guaruj\u00e1 (SP) como propina, em troca do favorecimento da empreiteira OAS em contratos com a Petrobras. A decis\u00e3o dos desembargadores Jo\u00e3o Pedro Gebran Neto, relator do caso, Leandro Paulsen e Victor dos Santos Laus barra, em tese, a candidatura do petista \u00e0 Presid\u00eancia da Rep\u00fablica neste ano, com base na Lei da Ficha Limpa, j\u00e1 que a condena\u00e7\u00e3o \u00e9 realizada pela Justi\u00e7a de segunda inst\u00e2ncia.<\/p>\n<p>Essa foi a primeira vez que um ex-presidente da Rep\u00fablica foi condenado em segunda inst\u00e2ncia por crime comum no Brasil. No entanto, pode n\u00e3o ser a \u00fanica. Isso porque o ex-presidente Lula responde a outros nove processos na Justi\u00e7a, tendo se tornado r\u00e9u em sete deles.<\/p>\n<p>No \u00e2mbito da Opera\u00e7\u00e3o Lava Jato, al\u00e9m da\u00a0condena\u00e7\u00e3o no caso do triplex, Lula \u00e9 r\u00e9u em mais tr\u00eas processos. No primeiro, o petista responde por corrup\u00e7\u00e3o e lavagem de dinheiro, acusado de ter recebido propina das construtoras OAS e Odebrecht por meio de reformas no s\u00edtio Santa B\u00e1rbara, em Atibaia (SP). O ex-presidente nega ser o dono da propriedade. Outras 12 pessoas s\u00e3o r\u00e9s na mesma a\u00e7\u00e3o, entre elas o pecuarista Jos\u00e9 Carlos Bumlai, amigo pessoal do petista; os empres\u00e1rios Em\u00edlio e Marcelo Odebrecht; L\u00e9o Pinheiro, ex-presidente da OAS; e Fernando Bittar, apontado pela defesa de Lula como o verdadeiro dono do s\u00edtio.<\/p>\n<p>Outra den\u00fancia do Minist\u00e9rio P\u00fablico Federal (MPF) aceita pelo juiz federal Sergio Moro acusa a Odebrecht de ter tentado pagar propina a Lula por meio da compra de um terreno em S\u00e3o Paulo no valor de R$ 12,4 milh\u00f5es, que seria destinado \u00e0 constru\u00e7\u00e3o do \u201cMemorial da Democracia\u201d, ligado ao Instituto Lula. A compra, que nunca se concretizou, segundo a den\u00fancia, era intermediada pelo ex-ministro Antonio Palocci. Em depoimento, o ex-ministro confirmou \u00e0 Justi\u00e7a a exist\u00eancia de um \u201cpacto de sangue\u201d com a Odebrecht. Por esse acordo, disse Palocci, o governo do PT se comprometeu a atender aos interesses da empreiteira, em troca do pagamento de R$ 300 milh\u00f5es em propinas ao partido.<\/p>\n<p>No \u00e2mbito da Lava Jato, Lula tamb\u00e9m \u00e9 r\u00e9u por obstru\u00e7\u00e3o de Justi\u00e7a. O ex-presidente \u00e9 acusado de ter conspirado com o ex-senador Delc\u00eddio do Amaral e outras cinco pessoas na tentativa de comprar o sil\u00eancio do ex-diretor da Petrobras Nestor Cerver\u00f3, que negociava um acordo de dela\u00e7\u00e3o premiada. Em \u00e1udio divulgado pelo filho de Cerver\u00f3, Delc\u00eddio promete \u00e0 fam\u00edlia uma ajuda financeira de R$ 50 mil mensais, al\u00e9m de um plano de fuga para o ex-diretor da Petrobras. Posteriormente, em dela\u00e7\u00e3o \u00e0 Justi\u00e7a, Delc\u00eddio confirmou o esquema, que teria sido executado com o conhecimento de Lula.<\/p>\n<p>Outras den\u00fancias do MPF contra o ex-presidente Lula envolvem a sua nomea\u00e7\u00e3o \u00e0s pressas ao cargo de ministro da Casa Civil no governo Dilma Rousseff, o que seria uma forma de garantir ao petista foro privilegiado; a oculta\u00e7\u00e3o do pagamento de propinas em palestras dadas pelo petista no Brasil e no exterior, intermediadas pelo Instituto Lula e pela empresa LILS Palestras; e o chamado \u2018quadrilh\u00e3o do PT\u2019, inqu\u00e9rito que investiga ainda a ex-presidente Dilma, al\u00e9m da atual presidente nacional do PT, senadora Gleisi Hoffmann (PR), do ex-tesoureiro Joao Vaccari Neto, e dos ex-ministros Antonio Palocci, Guido Mantega, Paulo Bernardo e Edinho Silva por organiza\u00e7\u00e3o criminosa.<\/p>\n<p>Janus e Zelotes<\/p>\n<p>O ex-presidente Lula tamb\u00e9m responde a processos na Justi\u00e7a nas opera\u00e7\u00f5es Janus, desdobramento da Lava Jato que apura a exist\u00eancia de fraudes envolvendo o financiamento do BNDES para obras da Odebrecht em Angola; e Zelotes, que investiga um esquema de corrup\u00e7\u00e3o no Conselho Administrativo de Recursos Fiscais (Carf) e na edi\u00e7\u00e3o de medidas provis\u00f3rias concedendo incentivos fiscais a montadoras de ve\u00edculos.<\/p>\n<p>Na Opera\u00e7\u00e3o Janus, Lula e outras dez pessoas s\u00e3o r\u00e9s pelos crimes de corrup\u00e7\u00e3o ativa e passiva, lavagem de dinheiro, tr\u00e1fico de influ\u00eancia e organiza\u00e7\u00e3o criminosa. Segundo o MPF, o petista atuou junto ao BNDES e outros \u00f3rg\u00e3os, enquanto ainda ocupava a Presid\u00eancia da Rep\u00fablica e depois, como agente p\u00fablico, para garantir a libera\u00e7\u00e3o de recursos para obras da Odebrecht em Angola. Em troca, afirmam os procuradores, Lula recebeu valores que ultrapassam R$ 30 milh\u00f5es, repassados a parentes como um sobrinho de sua primeira mulher, chamado Taiguara Rodrigues.<\/p>\n<p>J\u00e1 no\u00a0\u00e2mbito da Zelotes, o ex-presidente \u00e9 r\u00e9u em dois processos. Responde por tr\u00e1fico de influ\u00eancia, lavagem de dinheiro e organiza\u00e7\u00e3o criminosa na a\u00e7\u00e3o que diz respeito a negocia\u00e7\u00f5es irregulares que levaram \u00e0 compra de 36 ca\u00e7as do modelo Gripen, da empresa sueca Saab, pelo governo brasileiro, e em inqu\u00e9rito que apura a edi\u00e7\u00e3o de medidas provis\u00f3rias que teriam beneficiado o setor automotivo. O recebimento de propina, alega a den\u00fancia, foi intermediado pelo ex-chefe de gabinete de Lula Gilberto Carvalho.<\/p>\n<p>No caso, tamb\u00e9m foram indiciados um dos filhos do ex-presidente \u2013 Lu\u00eds Cl\u00e1udio Lula da Silva \u2013 e o casal de lobistas Mauro Marcondes Machado e Cristina Mautoni.<\/p>\n<p><strong>CARIRI EM A\u00c7\u00c3O<\/strong><\/p>\n<p><em>Com Congresso em foco\/Foto:\u00a0Ricardo Stuckert<\/em><\/p>\n<p><strong>Leia mais not\u00edcias em\u00a0<\/strong><a href=\"http:\/\/www.caririemacao.com\/\"><strong>caririemacao.com<\/strong><\/a><strong>, siga nossa p\u00e1gina no\u00a0<\/strong><a href=\"https:\/\/www.facebook.com\/CaririEmAcao\/?ref=aymt_homepage_panel\"><strong>Facebook<\/strong><\/a>,<strong>\u00a0<\/strong><a href=\"https:\/\/www.instagram.com\/cariri_em_acao\/?hl=pt-br\"><strong>Instagram<\/strong><\/a><strong>\u00a0e\u00a0<\/strong><a href=\"https:\/\/www.youtube.com\/channel\/UCAptA0jQuYQy8vMhLt2m4qg\"><strong>Youtube<\/strong><\/a><strong>\u00a0e veja nossas mat\u00e9rias, v\u00eddeos e fotos. Voc\u00ea tamb\u00e9m pode enviar informa\u00e7\u00f5es \u00e0 Reda\u00e7\u00e3o do Portal Cariri em A\u00e7\u00e3o pelo WhatsApp (83) 9 9634.5791, (83) 9 9601-1162.<\/strong><\/p>\n","protected":false},"excerpt":{"rendered":"<p>O Tribunal Regional Federal da 4\u00aa Regi\u00e3o (TRF-4), em Porto Alegre (RS), ampliou por unanimidade a pena do ex-presidente Lula para 12 anos e 1&hellip; <\/p>\n","protected":false},"author":2,"featured_media":38651,"comment_status":"closed","ping_status":"closed","sticky":false,"template":"","format":"standard","meta":{"sfsi_plus_gutenberg_text_before_share":"","sfsi_plus_gutenberg_show_text_before_share":"","sfsi_plus_gutenberg_icon_type":"","sfsi_plus_gutenberg_icon_alignemt":"","sfsi_plus_gutenburg_max_per_row":"","footnotes":""},"categories":[11],"tags":[],"class_list":["post-38650","post","type-post","status-publish","format-standard","has-post-thumbnail","hentry","category-politica"],"_links":{"self":[{"href":"https:\/\/www.caririemacao.com\/1\/wp-json\/wp\/v2\/posts\/38650","targetHints":{"allow":["GET"]}}],"collection":[{"href":"https:\/\/www.caririemacao.com\/1\/wp-json\/wp\/v2\/posts"}],"about":[{"href":"https:\/\/www.caririemacao.com\/1\/wp-json\/wp\/v2\/types\/post"}],"author":[{"embeddable":true,"href":"https:\/\/www.caririemacao.com\/1\/wp-json\/wp\/v2\/users\/2"}],"replies":[{"embeddable":true,"href":"https:\/\/www.caririemacao.com\/1\/wp-json\/wp\/v2\/comments?post=38650"}],"version-history":[{"count":0,"href":"https:\/\/www.caririemacao.com\/1\/wp-json\/wp\/v2\/posts\/38650\/revisions"}],"wp:featuredmedia":[{"embeddable":true,"href":"https:\/\/www.caririemacao.com\/1\/wp-json\/wp\/v2\/media\/38651"}],"wp:attachment":[{"href":"https:\/\/www.caririemacao.com\/1\/wp-json\/wp\/v2\/media?parent=38650"}],"wp:term":[{"taxonomy":"category","embeddable":true,"href":"https:\/\/www.caririemacao.com\/1\/wp-json\/wp\/v2\/categories?post=38650"},{"taxonomy":"post_tag","embeddable":true,"href":"https:\/\/www.caririemacao.com\/1\/wp-json\/wp\/v2\/tags?post=38650"}],"curies":[{"name":"wp","href":"https:\/\/api.w.org\/{rel}","templated":true}]}}