{"id":38653,"date":"2018-01-24T20:13:22","date_gmt":"2018-01-24T23:13:22","guid":{"rendered":"http:\/\/caririemacao.com\/1\/?p=38653"},"modified":"2018-01-24T20:19:58","modified_gmt":"2018-01-24T23:19:58","slug":"pgr-pede-que-inquerito-sobre-jose-serra-seja-arquivado","status":"publish","type":"post","link":"https:\/\/www.caririemacao.com\/1\/2018\/01\/24\/pgr-pede-que-inquerito-sobre-jose-serra-seja-arquivado\/","title":{"rendered":"PGR pede que inqu\u00e9rito sobre Jos\u00e9 Serra seja arquivado"},"content":{"rendered":"<p>A procuradora-geral da Rep\u00fablica, Raquel Dodge pediu ao Supremo Tribunal Federal (STF) para que o inqu\u00e9rito que investiga o senador Jos\u00e9 Serra (PSDB-SP) pelo suposto crime eleitoral de caixa 2 seja arquivado. Na manifesta\u00e7\u00e3o encaminhada nesta quarta-feira ao STF, Dodge afirma que Serra n\u00e3o pode mais ser punido, pois o caso prescreveu. A relatora do caso no STF \u00e9 a ministra Rosa Weber.<\/p>\n<div class=\"player_dynad_tv\"><\/div>\n<blockquote><p>&nbsp;<\/p><\/blockquote>\n<p>A investiga\u00e7\u00e3o foi iniciada no ano passado, durante a gest\u00e3o do procurador Rodrigo Janot, a partir de um dos depoimentos de dela\u00e7\u00e3o premiada do empres\u00e1rio Joesley Batista, do grupo J&amp;F. Joesley afirmou ter \u201cacertado pessoalmente com Serra \u201cuma contribui\u00e7\u00e3o de R$ 20 milh\u00f5es para a campanha presidencial de 2010, dos quais R$ 13 milh\u00f5es foram repassados como doa\u00e7\u00e3o oficial e cerca de R$ 7 milh\u00f5es, via caixa 2, por meio de notas fiscais fraudulentas.<\/p>\n<p>A procuradora afirma no documento enviado ao STF que, por ter mais de 70 anos e, neste caso, a legisla\u00e7\u00e3o penal prev\u00ea que o tempo de prescri\u00e7\u00e3o cai pela metade, Serra n\u00e3o pode mais ser punido pelo suposto crime desde 2016, quando o caso prescreveu. \u201cOu seja, desde o requerimento de abertura de inqu\u00e9rito, o fato estava prescrito. Por evidente, n\u00e3o h\u00e1 como prosseguir com a investiga\u00e7\u00e3o. Ante o exposto, manifesto-me pelo arquivamento do presente inqu\u00e9rito.\u201d<\/p>\n<p>Em agosto do ano passado, ap\u00f3s a abertura do inqu\u00e9rito, por meio de sua assessoria, Serra afirmou que n\u00e3o houve irregularidades financeiras em sua campanha. \u201cO senador Jos\u00e9 Serra reitera que todas as suas campanhas eleitorais foram conduzidas dentro da lei, com as finan\u00e7as sob responsabilidade do partido. E sem nunca oferecer nenhuma contrapartida por doa\u00e7\u00f5es eleitorais.\u201d<\/p>\n<p><strong>CARIRI EM A\u00c7\u00c3O<\/strong><\/p>\n<p><em>Com\u00a0Ag\u00eancia Brasil \/Foto:\u00a0Valter Campanato<\/em><\/p>\n<p><strong>Leia mais not\u00edcias em\u00a0<\/strong><a href=\"http:\/\/www.caririemacao.com\/\"><strong>caririemacao.com<\/strong><\/a><strong>, siga nossa p\u00e1gina no\u00a0<\/strong><a href=\"https:\/\/www.facebook.com\/CaririEmAcao\/?ref=aymt_homepage_panel\"><strong>Facebook<\/strong><\/a>,<strong>\u00a0<\/strong><a href=\"https:\/\/www.instagram.com\/cariri_em_acao\/?hl=pt-br\"><strong>Instagram<\/strong><\/a><strong>\u00a0e\u00a0<\/strong><a href=\"https:\/\/www.youtube.com\/channel\/UCAptA0jQuYQy8vMhLt2m4qg\"><strong>Youtube<\/strong><\/a><strong>\u00a0e veja nossas mat\u00e9rias, v\u00eddeos e fotos. Voc\u00ea tamb\u00e9m pode enviar informa\u00e7\u00f5es \u00e0 Reda\u00e7\u00e3o do Portal Cariri em A\u00e7\u00e3o pelo WhatsApp (83) 9 9634.5791, (83) 9 9601-1162.<\/strong><\/p>\n","protected":false},"excerpt":{"rendered":"<p>A procuradora-geral da Rep\u00fablica, Raquel Dodge pediu ao Supremo Tribunal Federal (STF) para que o inqu\u00e9rito que investiga o senador Jos\u00e9 Serra (PSDB-SP) pelo suposto&hellip; <\/p>\n","protected":false},"author":2,"featured_media":38654,"comment_status":"closed","ping_status":"closed","sticky":false,"template":"","format":"standard","meta":{"sfsi_plus_gutenberg_text_before_share":"","sfsi_plus_gutenberg_show_text_before_share":"","sfsi_plus_gutenberg_icon_type":"","sfsi_plus_gutenberg_icon_alignemt":"","sfsi_plus_gutenburg_max_per_row":"","footnotes":""},"categories":[11],"tags":[],"class_list":["post-38653","post","type-post","status-publish","format-standard","has-post-thumbnail","hentry","category-politica"],"_links":{"self":[{"href":"https:\/\/www.caririemacao.com\/1\/wp-json\/wp\/v2\/posts\/38653","targetHints":{"allow":["GET"]}}],"collection":[{"href":"https:\/\/www.caririemacao.com\/1\/wp-json\/wp\/v2\/posts"}],"about":[{"href":"https:\/\/www.caririemacao.com\/1\/wp-json\/wp\/v2\/types\/post"}],"author":[{"embeddable":true,"href":"https:\/\/www.caririemacao.com\/1\/wp-json\/wp\/v2\/users\/2"}],"replies":[{"embeddable":true,"href":"https:\/\/www.caririemacao.com\/1\/wp-json\/wp\/v2\/comments?post=38653"}],"version-history":[{"count":0,"href":"https:\/\/www.caririemacao.com\/1\/wp-json\/wp\/v2\/posts\/38653\/revisions"}],"wp:featuredmedia":[{"embeddable":true,"href":"https:\/\/www.caririemacao.com\/1\/wp-json\/wp\/v2\/media\/38654"}],"wp:attachment":[{"href":"https:\/\/www.caririemacao.com\/1\/wp-json\/wp\/v2\/media?parent=38653"}],"wp:term":[{"taxonomy":"category","embeddable":true,"href":"https:\/\/www.caririemacao.com\/1\/wp-json\/wp\/v2\/categories?post=38653"},{"taxonomy":"post_tag","embeddable":true,"href":"https:\/\/www.caririemacao.com\/1\/wp-json\/wp\/v2\/tags?post=38653"}],"curies":[{"name":"wp","href":"https:\/\/api.w.org\/{rel}","templated":true}]}}