{"id":38656,"date":"2018-01-24T20:18:04","date_gmt":"2018-01-24T23:18:04","guid":{"rendered":"http:\/\/caririemacao.com\/1\/?p=38656"},"modified":"2018-01-24T20:18:04","modified_gmt":"2018-01-24T23:18:04","slug":"maia-nao-celebro-a-condenacao-de-lula","status":"publish","type":"post","link":"https:\/\/www.caririemacao.com\/1\/2018\/01\/24\/maia-nao-celebro-a-condenacao-de-lula\/","title":{"rendered":"Maia: \u201cN\u00e3o celebro a condena\u00e7\u00e3o de Lula\u201d"},"content":{"rendered":"<p dir=\"ltr\">O presidente da C\u00e2mara dos Deputados, Rodrigo Maia (DEM-RJ), avaliou, no in\u00edcio da noite desta quarta-feira (24), que a confirma\u00e7\u00e3o da condena\u00e7\u00e3o e amplia\u00e7\u00e3o da pena do ex-presidente Lula n\u00e3o pode ser comemorada. Presid\u00eancia da Rep\u00fablica em exerc\u00edcio, com a\u00a0aus\u00eancia de Michel Temer (PMDB), Maia afirmou por meio de nota que \u201cquem tem responsabilidade p\u00fablica, em qualquer Na\u00e7\u00e3o, n\u00e3o pode estar celebrando o dia de hoje\u201d.<\/p>\n<p dir=\"ltr\">A confirma\u00e7\u00e3o da condena\u00e7\u00e3o de Lula gerou rea\u00e7\u00e3o no mundo pol\u00edtico e no\u00a0mercado financeiro. Maia afirmou que, apesar de ter constru\u00eddo sua carreira \u201ccombatendo as teses defendidas pelo ex-presidente Lula e pelo PT\u201d no campo pol\u00edtico, n\u00e3o se pode comemorar a senten\u00e7a. Maia ocupa a cadeira da Presid\u00eancia, no Planalto, enquanto Temer cumpre agenda no 48\u00ba F\u00f3rum Econ\u00f4mico Mundial, em Davos, na Su\u00ed\u00e7a.<\/p>\n<p dir=\"ltr\">O presidente da C\u00e2mara tamb\u00e9m afirmou que, apesar de o melhor enfrentamento na pol\u00edtica ser a campanha eleitoral, a campanha ainda n\u00e3o come\u00e7ou e \u201cquem se pronunciou hoje foi o Poder Judici\u00e1rio. \u00c9 necess\u00e1rio ouvi-lo e respeit\u00e1-lo\u201d. Para Maia, o julgamento mostra que o Brasil \u00e9 uma democracia madura e que as institui\u00e7\u00f5es est\u00e3o funcionando plenamente.<\/p>\n<p dir=\"ltr\"><em>\u201cConstru\u00ed minha carreira combatendo, no campo da pol\u00edtica, as teses defendidas pelo ex-presidente Lula e pelo PT.<\/em><\/p>\n<p dir=\"ltr\"><em>Ainda assim, quem tem responsabilidade p\u00fablica, em qualquer Na\u00e7\u00e3o, n\u00e3o pode estar celebrando o dia de hoje.<\/em><\/p>\n<p dir=\"ltr\"><em>Na pol\u00edtica, o melhor foro de enfrentamento de teses diferentes \u00e9 a campanha eleitoral. Nela, o veredito \u00e9 dado pelas urnas. Mas a campanha n\u00e3o come\u00e7ou, e quem se pronunciou hoje foi o Poder Judici\u00e1rio. \u00c9 necess\u00e1rio ouvi-lo e respeit\u00e1-lo.<\/em><\/p>\n<p dir=\"ltr\"><em>O resultado do julgamento do Tribunal Regional Federal da 4\u00aa Regi\u00e3o deixa claro que o Brasil \u00e9 uma democracia madura onde as institui\u00e7\u00f5es funcionam plenamente.<\/em><\/p>\n<p dir=\"ltr\"><em>Toda e qualquer manifesta\u00e7\u00e3o em rela\u00e7\u00e3o \u00e0 senten\u00e7a proferida hoje, em Porto Alegre, deve respeitar a ordem institucional. Tenho certeza que o Brasil seguir\u00e1 pacificamente rumo \u00e0 supera\u00e7\u00e3o.<\/em><\/p>\n<p><strong>CARIRI EM A\u00c7\u00c3O<\/strong><\/p>\n<p><em>Com Congresso em foco\/Foto:\u00a0Wilson Dias\u00a0<\/em><\/p>\n<p><strong>Leia mais not\u00edcias em\u00a0<\/strong><a href=\"http:\/\/www.caririemacao.com\/\"><strong>caririemacao.com<\/strong><\/a><strong>, siga nossa p\u00e1gina no\u00a0<\/strong><a href=\"https:\/\/www.facebook.com\/CaririEmAcao\/?ref=aymt_homepage_panel\"><strong>Facebook<\/strong><\/a>,<strong>\u00a0<\/strong><a href=\"https:\/\/www.instagram.com\/cariri_em_acao\/?hl=pt-br\"><strong>Instagram<\/strong><\/a><strong>\u00a0e\u00a0<\/strong><a href=\"https:\/\/www.youtube.com\/channel\/UCAptA0jQuYQy8vMhLt2m4qg\"><strong>Youtube<\/strong><\/a><strong>\u00a0e veja nossas mat\u00e9rias, v\u00eddeos e fotos. Voc\u00ea tamb\u00e9m pode enviar informa\u00e7\u00f5es \u00e0 Reda\u00e7\u00e3o do Portal Cariri em A\u00e7\u00e3o pelo WhatsApp (83) 9 9634.5791, (83) 9 9601-1162.<\/strong><\/p>\n","protected":false},"excerpt":{"rendered":"<p>O presidente da C\u00e2mara dos Deputados, Rodrigo Maia (DEM-RJ), avaliou, no in\u00edcio da noite desta quarta-feira (24), que a confirma\u00e7\u00e3o da condena\u00e7\u00e3o e amplia\u00e7\u00e3o da&hellip; <\/p>\n","protected":false},"author":2,"featured_media":38657,"comment_status":"closed","ping_status":"closed","sticky":false,"template":"","format":"standard","meta":{"sfsi_plus_gutenberg_text_before_share":"","sfsi_plus_gutenberg_show_text_before_share":"","sfsi_plus_gutenberg_icon_type":"","sfsi_plus_gutenberg_icon_alignemt":"","sfsi_plus_gutenburg_max_per_row":"","footnotes":""},"categories":[11],"tags":[],"class_list":["post-38656","post","type-post","status-publish","format-standard","has-post-thumbnail","hentry","category-politica"],"_links":{"self":[{"href":"https:\/\/www.caririemacao.com\/1\/wp-json\/wp\/v2\/posts\/38656","targetHints":{"allow":["GET"]}}],"collection":[{"href":"https:\/\/www.caririemacao.com\/1\/wp-json\/wp\/v2\/posts"}],"about":[{"href":"https:\/\/www.caririemacao.com\/1\/wp-json\/wp\/v2\/types\/post"}],"author":[{"embeddable":true,"href":"https:\/\/www.caririemacao.com\/1\/wp-json\/wp\/v2\/users\/2"}],"replies":[{"embeddable":true,"href":"https:\/\/www.caririemacao.com\/1\/wp-json\/wp\/v2\/comments?post=38656"}],"version-history":[{"count":0,"href":"https:\/\/www.caririemacao.com\/1\/wp-json\/wp\/v2\/posts\/38656\/revisions"}],"wp:featuredmedia":[{"embeddable":true,"href":"https:\/\/www.caririemacao.com\/1\/wp-json\/wp\/v2\/media\/38657"}],"wp:attachment":[{"href":"https:\/\/www.caririemacao.com\/1\/wp-json\/wp\/v2\/media?parent=38656"}],"wp:term":[{"taxonomy":"category","embeddable":true,"href":"https:\/\/www.caririemacao.com\/1\/wp-json\/wp\/v2\/categories?post=38656"},{"taxonomy":"post_tag","embeddable":true,"href":"https:\/\/www.caririemacao.com\/1\/wp-json\/wp\/v2\/tags?post=38656"}],"curies":[{"name":"wp","href":"https:\/\/api.w.org\/{rel}","templated":true}]}}