{"id":38663,"date":"2018-01-25T06:20:32","date_gmt":"2018-01-25T09:20:32","guid":{"rendered":"http:\/\/caririemacao.com\/1\/?p=38663"},"modified":"2018-01-25T06:20:32","modified_gmt":"2018-01-25T09:20:32","slug":"sisu-tem-mais-de-1-milhao-de-inscricoes-no-primeiro-dia-prazo-vai-ate-sexta","status":"publish","type":"post","link":"https:\/\/www.caririemacao.com\/1\/2018\/01\/25\/sisu-tem-mais-de-1-milhao-de-inscricoes-no-primeiro-dia-prazo-vai-ate-sexta\/","title":{"rendered":"Sisu tem mais de 1 milh\u00e3o de inscri\u00e7\u00f5es no primeiro dia; prazo vai at\u00e9 sexta"},"content":{"rendered":"<p>Ap\u00f3s divulgada a nota do Exame Nacional do Ensino M\u00e9dio (Enem) \u00e9 hora do Sisu, o Sistema de Sele\u00e7\u00e3o Unificada.<\/p>\n<p>De acordo com o Minist\u00e9rio da Educa\u00e7\u00e3o, nessa ter\u00e7a-feira (23) mais de 1 milh\u00e3o de candidatos se inscreveram. Foi o primeiro dia de oferta de vagas.<\/p>\n<p>J\u00e1 o n\u00famero total de inscri\u00e7\u00f5es chegou a quase 2 milh\u00f5es. Isso ocorre porque cada candidato pode escolher at\u00e9 duas op\u00e7\u00f5es de cursos.<\/p>\n<p>Este ano s\u00e3o ofertadas quase 240 mil vagas. Entre as chances, 61 universidades p\u00fablicas federais e 22 universidades p\u00fablicas estaduais.<\/p>\n<p>As inscri\u00e7\u00f5es para o Sisu deste primeiro semestre foram antecipadas, como explica o diretor de Pol\u00edticas de Educa\u00e7\u00e3o Superior do Minist\u00e9rio da Educa\u00e7\u00e3o, Vicente de Paula Almeida J\u00fanior.<\/p>\n<p>O Sisu \u00e9 usado para selecionar estudantes para vagas em institui\u00e7\u00f5es de educa\u00e7\u00e3o superior, com base nas notas obtidas no Enem. Podem concorrer todos os que fizeram a prova em 2017 e n\u00e3o zeraram a reda\u00e7\u00e3o.<\/p>\n<p>As inscri\u00e7\u00f5es est\u00e3o abertas at\u00e9 o dia 26 de janeiro. O estudante deve acessar o site\u00a0sisu.mec.gov.br.<\/p>\n<p>\u00c9 preciso digitar o n\u00famero de inscri\u00e7\u00e3o e a senha de cadastro usados no Enem 2017.<\/p>\n<p><strong>CARIRI EM A\u00c7\u00c3O<\/strong><\/p>\n<p><em>Com Ebc\/Foto: Reprodu\u00e7\u00e3o google\u00a0<\/em><\/p>\n<p><strong>Leia mais not\u00edcias em\u00a0<\/strong><a href=\"http:\/\/www.caririemacao.com\/\"><strong>caririemacao.com<\/strong><\/a><strong>, siga nossa p\u00e1gina no\u00a0<\/strong><a href=\"https:\/\/www.facebook.com\/CaririEmAcao\/?ref=aymt_homepage_panel\"><strong>Facebook<\/strong><\/a>,<strong>\u00a0<\/strong><a href=\"https:\/\/www.instagram.com\/cariri_em_acao\/?hl=pt-br\"><strong>Instagram<\/strong><\/a><strong>\u00a0e\u00a0<\/strong><a href=\"https:\/\/www.youtube.com\/channel\/UCAptA0jQuYQy8vMhLt2m4qg\"><strong>Youtube<\/strong><\/a><strong>\u00a0e veja nossas mat\u00e9rias, v\u00eddeos e fotos. Voc\u00ea tamb\u00e9m pode enviar informa\u00e7\u00f5es \u00e0 Reda\u00e7\u00e3o do Portal Cariri em A\u00e7\u00e3o pelo WhatsApp (83) 9 9634.5791, (83) 9 9601-1162.<\/strong><\/p>\n","protected":false},"excerpt":{"rendered":"<p>Ap\u00f3s divulgada a nota do Exame Nacional do Ensino M\u00e9dio (Enem) \u00e9 hora do Sisu, o Sistema de Sele\u00e7\u00e3o Unificada. De acordo com o Minist\u00e9rio&hellip; <\/p>\n","protected":false},"author":2,"featured_media":4691,"comment_status":"closed","ping_status":"closed","sticky":false,"template":"","format":"standard","meta":{"sfsi_plus_gutenberg_text_before_share":"","sfsi_plus_gutenberg_show_text_before_share":"","sfsi_plus_gutenberg_icon_type":"","sfsi_plus_gutenberg_icon_alignemt":"","sfsi_plus_gutenburg_max_per_row":"","footnotes":""},"categories":[14],"tags":[],"class_list":["post-38663","post","type-post","status-publish","format-standard","has-post-thumbnail","hentry","category-educacao"],"_links":{"self":[{"href":"https:\/\/www.caririemacao.com\/1\/wp-json\/wp\/v2\/posts\/38663","targetHints":{"allow":["GET"]}}],"collection":[{"href":"https:\/\/www.caririemacao.com\/1\/wp-json\/wp\/v2\/posts"}],"about":[{"href":"https:\/\/www.caririemacao.com\/1\/wp-json\/wp\/v2\/types\/post"}],"author":[{"embeddable":true,"href":"https:\/\/www.caririemacao.com\/1\/wp-json\/wp\/v2\/users\/2"}],"replies":[{"embeddable":true,"href":"https:\/\/www.caririemacao.com\/1\/wp-json\/wp\/v2\/comments?post=38663"}],"version-history":[{"count":0,"href":"https:\/\/www.caririemacao.com\/1\/wp-json\/wp\/v2\/posts\/38663\/revisions"}],"wp:featuredmedia":[{"embeddable":true,"href":"https:\/\/www.caririemacao.com\/1\/wp-json\/wp\/v2\/media\/4691"}],"wp:attachment":[{"href":"https:\/\/www.caririemacao.com\/1\/wp-json\/wp\/v2\/media?parent=38663"}],"wp:term":[{"taxonomy":"category","embeddable":true,"href":"https:\/\/www.caririemacao.com\/1\/wp-json\/wp\/v2\/categories?post=38663"},{"taxonomy":"post_tag","embeddable":true,"href":"https:\/\/www.caririemacao.com\/1\/wp-json\/wp\/v2\/tags?post=38663"}],"curies":[{"name":"wp","href":"https:\/\/api.w.org\/{rel}","templated":true}]}}