{"id":38666,"date":"2018-01-25T06:32:46","date_gmt":"2018-01-25T09:32:46","guid":{"rendered":"http:\/\/caririemacao.com\/1\/?p=38666"},"modified":"2018-01-25T06:32:46","modified_gmt":"2018-01-25T09:32:46","slug":"tre-pb-suspende-cassacao-de-prefeito-e-vice","status":"publish","type":"post","link":"https:\/\/www.caririemacao.com\/1\/2018\/01\/25\/tre-pb-suspende-cassacao-de-prefeito-e-vice\/","title":{"rendered":"TRE-PB suspende cassa\u00e7\u00e3o de prefeito e vice"},"content":{"rendered":"<p>O Tribunal Regional Eleitoral da Para\u00edba (TRE-PB) suspendeu a cassa\u00e7\u00e3o do prefeito de Curral Velho, no Sert\u00e3o da Para\u00edba, Joaquim Alves Barbosa Filho (PSDB), e o vice Neto Estrela (PTB). Com a decis\u00e3o o TRE tamb\u00e9m impediu o presidente da C\u00e2mara Municipal de Curral Velho de assumir a gest\u00e3o da cidade, o que estava prevista para ocorrer nessa quarta-feira (24).<\/p>\n<p>A decis\u00e3o foi tomada pela ju\u00edza Michelini de Oliveira Dantas Jatob\u00e1 que concedeu liminar na a\u00e7\u00e3o cautelar impetrada pela defesa do prefeito, que alegou a possibilidade de dano irrepar\u00e1vel com a assun\u00e7\u00e3o do Presidente da C\u00e2mara de Vereadores ao prefeito de Curral Velho. A cassa\u00e7\u00e3o foi uma decis\u00e3o do juiz Ant\u00f4nio Eug\u00eanio, da 33\u00aa Zona Eleitoral, que ainda determinou a realiza\u00e7\u00e3o de novas elei\u00e7\u00f5es.<\/p>\n<p>Na primeira inst\u00e2ncia, o juiz Ant\u00f4nio Eug\u00eanio julgou procedente a A\u00e7\u00e3o de Impugna\u00e7\u00e3o de Mandato Eletivo (AIME) ajuizada pela coliga\u00e7\u00e3o encabe\u00e7ada por Taciano Carna\u00faba (PR), segundo colocado nas elei\u00e7\u00f5es de 2016. A decis\u00e3o do magistrado recomenda a realiza\u00e7\u00e3o de novas elei\u00e7\u00f5es no munic\u00edpio no prazo de 40 dias.<\/p>\n<p>Segundo processo, para garantir a reelei\u00e7\u00e3o, Filhinho e Neto Estrela agiram e incorreram em situa\u00e7\u00f5es de corrup\u00e7\u00e3o eleitoral e de abuso do poder econ\u00f4mico mediante a contrata\u00e7\u00f5es indiretas e irregulares de eleitores, realiza\u00e7\u00e3o de exames e cirurgias com fins eleitoreiros e irregularidades na arrecada\u00e7\u00e3o e gastos de campanha, tudo a beneficiar as suas candidaturas.<\/p>\n<p><strong>Argumentos da defesa<\/strong><\/p>\n<p>O prefeito e o vice, recorreram da decis\u00e3o ao Tribunal Regional Eleitoral para se manter no cargo. A defesa dos cassados alegou que n\u00e3o existe \u201cqualquer prova de que as pessoas foram nomeadas com o fito de obter-lhe votos, al\u00e9m de que as poucas nomea\u00e7\u00f5es realizadas dentro do microprocesso eleitoral foram fundadas no permissivo legal que visa \u00e0 continuidade do servi\u00e7o p\u00fablico\u201d.<\/p>\n<p>Os advogados acrescentaram que n\u00e3o existe \u201cqualquer prova de autoriza\u00e7\u00e3o de exames e cirurgias vinculadas \u00e0 compra de votos, sem contar que a responsabilidade para tanto seria, em tese, do respectivo secret\u00e1rio\u201d. Quanto aos gastos de campanha, alegaram que \u201cestas j\u00e1 foram apreciadas na Presta\u00e7\u00e3o de Contas dos candidatos, al\u00e9m de que as doa\u00e7\u00f5es foram feitas de modo regulares\u201d.<\/p>\n<p><strong>Elei\u00e7\u00e3o<\/strong><\/p>\n<p>O eleitorado do munic\u00edpio de Curral Velho \u00e9 de 2.022. Na Elei\u00e7\u00e3o de 2016, o total de votos v\u00e1lidos computados foi de 1.798 votos, tendo o impugnado obtido 990 votos e o candidato da coliga\u00e7\u00e3o impugnante 808 votos, uma diferen\u00e7a de 182. Para o magistrado, as contrata\u00e7\u00f5es e gastos com exames m\u00e9dicos desequilibraram o resultado das elei\u00e7\u00f5es.<\/p>\n<p><strong>CARIRI EM A\u00c7\u00c3O<\/strong><\/p>\n<p><em>Com ClikPB\/Foto:\u00a0ClikPB<\/em><\/p>\n<p><strong>Leia mais not\u00edcias em\u00a0<\/strong><a href=\"http:\/\/www.caririemacao.com\/\"><strong>caririemacao.com<\/strong><\/a><strong>, siga nossa p\u00e1gina no\u00a0<\/strong><a href=\"https:\/\/www.facebook.com\/CaririEmAcao\/?ref=aymt_homepage_panel\"><strong>Facebook<\/strong><\/a>,<strong>\u00a0<\/strong><a href=\"https:\/\/www.instagram.com\/cariri_em_acao\/?hl=pt-br\"><strong>Instagram<\/strong><\/a><strong>\u00a0e\u00a0<\/strong><a href=\"https:\/\/www.youtube.com\/channel\/UCAptA0jQuYQy8vMhLt2m4qg\"><strong>Youtube<\/strong><\/a><strong>\u00a0e veja nossas mat\u00e9rias, v\u00eddeos e fotos. Voc\u00ea tamb\u00e9m pode enviar informa\u00e7\u00f5es \u00e0 Reda\u00e7\u00e3o do Portal Cariri em A\u00e7\u00e3o pelo WhatsApp (83) 9 9634.5791, (83) 9 9601-1162.<\/strong><\/p>\n","protected":false},"excerpt":{"rendered":"<p>O Tribunal Regional Eleitoral da Para\u00edba (TRE-PB) suspendeu a cassa\u00e7\u00e3o do prefeito de Curral Velho, no Sert\u00e3o da Para\u00edba, Joaquim Alves Barbosa Filho (PSDB), e&hellip; <\/p>\n","protected":false},"author":2,"featured_media":38667,"comment_status":"closed","ping_status":"closed","sticky":false,"template":"","format":"standard","meta":{"sfsi_plus_gutenberg_text_before_share":"","sfsi_plus_gutenberg_show_text_before_share":"","sfsi_plus_gutenberg_icon_type":"","sfsi_plus_gutenberg_icon_alignemt":"","sfsi_plus_gutenburg_max_per_row":"","footnotes":""},"categories":[2],"tags":[],"class_list":["post-38666","post","type-post","status-publish","format-standard","has-post-thumbnail","hentry","category-geral"],"_links":{"self":[{"href":"https:\/\/www.caririemacao.com\/1\/wp-json\/wp\/v2\/posts\/38666","targetHints":{"allow":["GET"]}}],"collection":[{"href":"https:\/\/www.caririemacao.com\/1\/wp-json\/wp\/v2\/posts"}],"about":[{"href":"https:\/\/www.caririemacao.com\/1\/wp-json\/wp\/v2\/types\/post"}],"author":[{"embeddable":true,"href":"https:\/\/www.caririemacao.com\/1\/wp-json\/wp\/v2\/users\/2"}],"replies":[{"embeddable":true,"href":"https:\/\/www.caririemacao.com\/1\/wp-json\/wp\/v2\/comments?post=38666"}],"version-history":[{"count":0,"href":"https:\/\/www.caririemacao.com\/1\/wp-json\/wp\/v2\/posts\/38666\/revisions"}],"wp:featuredmedia":[{"embeddable":true,"href":"https:\/\/www.caririemacao.com\/1\/wp-json\/wp\/v2\/media\/38667"}],"wp:attachment":[{"href":"https:\/\/www.caririemacao.com\/1\/wp-json\/wp\/v2\/media?parent=38666"}],"wp:term":[{"taxonomy":"category","embeddable":true,"href":"https:\/\/www.caririemacao.com\/1\/wp-json\/wp\/v2\/categories?post=38666"},{"taxonomy":"post_tag","embeddable":true,"href":"https:\/\/www.caririemacao.com\/1\/wp-json\/wp\/v2\/tags?post=38666"}],"curies":[{"name":"wp","href":"https:\/\/api.w.org\/{rel}","templated":true}]}}