{"id":38675,"date":"2018-01-25T06:45:23","date_gmt":"2018-01-25T09:45:23","guid":{"rendered":"http:\/\/caririemacao.com\/1\/?p=38675"},"modified":"2018-01-25T06:45:23","modified_gmt":"2018-01-25T09:45:23","slug":"meliante-em-motocicleta-assalta-agencia-dos-correios-de-belem-do-brejo-do-cruz","status":"publish","type":"post","link":"https:\/\/www.caririemacao.com\/1\/2018\/01\/25\/meliante-em-motocicleta-assalta-agencia-dos-correios-de-belem-do-brejo-do-cruz\/","title":{"rendered":"Meliante em motocicleta assalta Ag\u00eancia dos Correios de Bel\u00e9m do Brejo do Cruz"},"content":{"rendered":"<div>Uma ag\u00eancia dos Correios de Bel\u00e9m do Brejo do Cruz, Sert\u00e3o Paraibano, foi assaltada na tarde desta quarta-feira (24 de Janeiro).\u00a0De acordo com as primeiras informa\u00e7\u00f5es, um\u00a0 homem chegou ao local em uma motocicleta, desceu armado com um rev\u00f3lver e rendeu funcion\u00e1rios e clientes, exigindo todo o dinheiro do caixa. A quantia levada ainda n\u00e3o foi divulgada. Logo ap\u00f3s o roubo ele fugiu em alta velocidade.<\/div>\n<div>\nO Destacamento de Pol\u00edcia Militar foi acionado e passou a realizar dilig\u00eancias com o intuito de prender o criminoso, por\u00e9m sem \u00eaxito at\u00e9 o momento.<\/div>\n<div>\n<p><strong>CARIRI EM A\u00c7\u00c3O<\/strong><\/p>\n<p><em>Com BBC not\u00edcias\/Foto:\u00a0BBC not\u00edcias<\/em><\/p>\n<p><strong>Leia mais not\u00edcias em\u00a0<\/strong><a href=\"http:\/\/www.caririemacao.com\/\"><strong>caririemacao.com<\/strong><\/a><strong>, siga nossa p\u00e1gina no\u00a0<\/strong><a href=\"https:\/\/www.facebook.com\/CaririEmAcao\/?ref=aymt_homepage_panel\"><strong>Facebook<\/strong><\/a>,<strong>\u00a0<\/strong><a href=\"https:\/\/www.instagram.com\/cariri_em_acao\/?hl=pt-br\"><strong>Instagram<\/strong><\/a><strong>\u00a0e\u00a0<\/strong><a href=\"https:\/\/www.youtube.com\/channel\/UCAptA0jQuYQy8vMhLt2m4qg\"><strong>Youtube<\/strong><\/a><strong>\u00a0e veja nossas mat\u00e9rias, v\u00eddeos e fotos. Voc\u00ea tamb\u00e9m pode enviar informa\u00e7\u00f5es \u00e0 Reda\u00e7\u00e3o do Portal Cariri em A\u00e7\u00e3o pelo WhatsApp (83) 9 9634.5791, (83) 9 9601-1162.<\/strong><\/p>\n<\/div>\n","protected":false},"excerpt":{"rendered":"<p>Uma ag\u00eancia dos Correios de Bel\u00e9m do Brejo do Cruz, Sert\u00e3o Paraibano, foi assaltada na tarde desta quarta-feira (24 de Janeiro).\u00a0De acordo com as primeiras&hellip; <\/p>\n","protected":false},"author":2,"featured_media":38676,"comment_status":"closed","ping_status":"closed","sticky":false,"template":"","format":"standard","meta":{"sfsi_plus_gutenberg_text_before_share":"","sfsi_plus_gutenberg_show_text_before_share":"","sfsi_plus_gutenberg_icon_type":"","sfsi_plus_gutenberg_icon_alignemt":"","sfsi_plus_gutenburg_max_per_row":"","footnotes":""},"categories":[12],"tags":[],"class_list":["post-38675","post","type-post","status-publish","format-standard","has-post-thumbnail","hentry","category-policia"],"_links":{"self":[{"href":"https:\/\/www.caririemacao.com\/1\/wp-json\/wp\/v2\/posts\/38675","targetHints":{"allow":["GET"]}}],"collection":[{"href":"https:\/\/www.caririemacao.com\/1\/wp-json\/wp\/v2\/posts"}],"about":[{"href":"https:\/\/www.caririemacao.com\/1\/wp-json\/wp\/v2\/types\/post"}],"author":[{"embeddable":true,"href":"https:\/\/www.caririemacao.com\/1\/wp-json\/wp\/v2\/users\/2"}],"replies":[{"embeddable":true,"href":"https:\/\/www.caririemacao.com\/1\/wp-json\/wp\/v2\/comments?post=38675"}],"version-history":[{"count":0,"href":"https:\/\/www.caririemacao.com\/1\/wp-json\/wp\/v2\/posts\/38675\/revisions"}],"wp:featuredmedia":[{"embeddable":true,"href":"https:\/\/www.caririemacao.com\/1\/wp-json\/wp\/v2\/media\/38676"}],"wp:attachment":[{"href":"https:\/\/www.caririemacao.com\/1\/wp-json\/wp\/v2\/media?parent=38675"}],"wp:term":[{"taxonomy":"category","embeddable":true,"href":"https:\/\/www.caririemacao.com\/1\/wp-json\/wp\/v2\/categories?post=38675"},{"taxonomy":"post_tag","embeddable":true,"href":"https:\/\/www.caririemacao.com\/1\/wp-json\/wp\/v2\/tags?post=38675"}],"curies":[{"name":"wp","href":"https:\/\/api.w.org\/{rel}","templated":true}]}}