{"id":38678,"date":"2018-01-25T06:55:41","date_gmt":"2018-01-25T09:55:41","guid":{"rendered":"http:\/\/caririemacao.com\/1\/?p=38678"},"modified":"2018-01-25T06:55:41","modified_gmt":"2018-01-25T09:55:41","slug":"rosilene-gomes-e-condenada-por-furto-qualificado-a-cinco-anos-de-prisao","status":"publish","type":"post","link":"https:\/\/www.caririemacao.com\/1\/2018\/01\/25\/rosilene-gomes-e-condenada-por-furto-qualificado-a-cinco-anos-de-prisao\/","title":{"rendered":"Rosilene Gomes \u00e9 condenada por furto qualificado a cinco anos de pris\u00e3o"},"content":{"rendered":"<p>A ex-presidente da FPF \u2013 Federa\u00e7\u00e3o Paraibana de Futebol foi condenada por furto duplamente qualificado a uma pena de cinco anos e 50 dias de pris\u00e3o em regime semiaberto. A pena \u00e9 da lavra do juiz Geraldo Porto, titular da S\u00e9tima Vara Criminal de Jo\u00e3o Pessoa.<\/p>\n<p>A condenada, por esta pena, dever\u00e1 trabalhar durante o dia e dormir na cadeia. A senten\u00e7a foi publicada no dia 11 de janeiro. As informa\u00e7\u00f5es d\u00e3o conta que na sua gest\u00e3o sumiram bens da sua federa\u00e7\u00e3o.<\/p>\n<p><em>Com Pol\u00eamica Para\u00edba\/Foto: Reprodu\u00e7\u00e3o google<\/em><\/p>\n<p><strong>Leia mais not\u00edcias em\u00a0<\/strong><a href=\"http:\/\/www.caririemacao.com\/\"><strong>caririemacao.com<\/strong><\/a><strong>, siga nossa p\u00e1gina no\u00a0<\/strong><a href=\"https:\/\/www.facebook.com\/CaririEmAcao\/?ref=aymt_homepage_panel\"><strong>Facebook<\/strong><\/a>,<strong>\u00a0<\/strong><a href=\"https:\/\/www.instagram.com\/cariri_em_acao\/?hl=pt-br\"><strong>Instagram<\/strong><\/a><strong>\u00a0e\u00a0<\/strong><a href=\"https:\/\/www.youtube.com\/channel\/UCAptA0jQuYQy8vMhLt2m4qg\"><strong>Youtube<\/strong><\/a><strong>\u00a0e veja nossas mat\u00e9rias, v\u00eddeos e fotos. Voc\u00ea tamb\u00e9m pode enviar informa\u00e7\u00f5es \u00e0 Reda\u00e7\u00e3o do Portal Cariri em A\u00e7\u00e3o pelo WhatsApp (83) 9 9634.5791, (83) 9 9601-1162.<\/strong><\/p>\n","protected":false},"excerpt":{"rendered":"<p>A ex-presidente da FPF \u2013 Federa\u00e7\u00e3o Paraibana de Futebol foi condenada por furto duplamente qualificado a uma pena de cinco anos e 50 dias de&hellip; <\/p>\n","protected":false},"author":2,"featured_media":38679,"comment_status":"closed","ping_status":"closed","sticky":false,"template":"","format":"standard","meta":{"sfsi_plus_gutenberg_text_before_share":"","sfsi_plus_gutenberg_show_text_before_share":"","sfsi_plus_gutenberg_icon_type":"","sfsi_plus_gutenberg_icon_alignemt":"","sfsi_plus_gutenburg_max_per_row":"","footnotes":""},"categories":[13],"tags":[],"class_list":["post-38678","post","type-post","status-publish","format-standard","has-post-thumbnail","hentry","category-esportes"],"_links":{"self":[{"href":"https:\/\/www.caririemacao.com\/1\/wp-json\/wp\/v2\/posts\/38678","targetHints":{"allow":["GET"]}}],"collection":[{"href":"https:\/\/www.caririemacao.com\/1\/wp-json\/wp\/v2\/posts"}],"about":[{"href":"https:\/\/www.caririemacao.com\/1\/wp-json\/wp\/v2\/types\/post"}],"author":[{"embeddable":true,"href":"https:\/\/www.caririemacao.com\/1\/wp-json\/wp\/v2\/users\/2"}],"replies":[{"embeddable":true,"href":"https:\/\/www.caririemacao.com\/1\/wp-json\/wp\/v2\/comments?post=38678"}],"version-history":[{"count":0,"href":"https:\/\/www.caririemacao.com\/1\/wp-json\/wp\/v2\/posts\/38678\/revisions"}],"wp:featuredmedia":[{"embeddable":true,"href":"https:\/\/www.caririemacao.com\/1\/wp-json\/wp\/v2\/media\/38679"}],"wp:attachment":[{"href":"https:\/\/www.caririemacao.com\/1\/wp-json\/wp\/v2\/media?parent=38678"}],"wp:term":[{"taxonomy":"category","embeddable":true,"href":"https:\/\/www.caririemacao.com\/1\/wp-json\/wp\/v2\/categories?post=38678"},{"taxonomy":"post_tag","embeddable":true,"href":"https:\/\/www.caririemacao.com\/1\/wp-json\/wp\/v2\/tags?post=38678"}],"curies":[{"name":"wp","href":"https:\/\/api.w.org\/{rel}","templated":true}]}}