{"id":38685,"date":"2018-01-25T07:42:35","date_gmt":"2018-01-25T10:42:35","guid":{"rendered":"http:\/\/caririemacao.com\/1\/?p=38685"},"modified":"2018-01-25T07:42:35","modified_gmt":"2018-01-25T10:42:35","slug":"cassio-defende-o-respeito-a-decisao-da-justica-no-caso-lula","status":"publish","type":"post","link":"https:\/\/www.caririemacao.com\/1\/2018\/01\/25\/cassio-defende-o-respeito-a-decisao-da-justica-no-caso-lula\/","title":{"rendered":"C\u00e1ssio defende o respeito \u00e0 decis\u00e3o da Justi\u00e7a no caso Lula"},"content":{"rendered":"<p>Com a responsabilidade de quem ocupa a vice-presid\u00eancia do Senado da Rep\u00fablica, o senador C\u00e1ssio Cunha Lima disse nesta quarta-feira (24) que \u00e9 preciso respeitar a decis\u00e3o da 8\u00aa Turma do Tribunal Regional Federal da 4\u00aa Regi\u00e3o, com sede em Porto Alegre, que confirmou a senten\u00e7a condenando o ex-presidente Lula a mais de 9 anos de pris\u00e3o pelos crimes de corrup\u00e7\u00e3o passiva e lavagem de dinheiro, no caso do apartamento tr\u00edplex.<\/p>\n<p>\u201cEste \u00e9 um momento que exige responsabilidade de todos n\u00f3s, comprometidos com a democracia e com o Estado de Direito no Brasil. Todos precisam se submeter \u00e0s regras constitucionais, respeitar as institui\u00e7\u00f5es e as decis\u00f5es judiciais. \u00c9 o jogo que vale para qualquer um, pilar essencial do regime democr\u00e1tico, por cuja reconquista tanto lutamos ao longo de 21 anos\u201d, afirmou o senador paraibano.<\/p>\n<p>\u201cA senten\u00e7a nesse processo, ainda mais em se tratando de um r\u00e9u com a popularidade de Lula, n\u00e3o \u00e9 fato que deva ser celebrado ou comemorado. Ao contr\u00e1rio. H\u00e1 de se lamentar as causas que levaram \u00e0 sua condena\u00e7\u00e3o\u201d, acrescentou, por meio de sua fanpage no facebook.<\/p>\n<p>Na avalia\u00e7\u00e3o de C\u00e1ssio Cunha Lima, o julgamento desta quarta-feira \u00e9 sinal de que o Brasil passa por um processo de fortalecimento e consolida\u00e7\u00e3o das institui\u00e7\u00f5es democr\u00e1ticas, que funcionam plenamente e promovem \u201cum combate hist\u00f3rico \u00e0 corru\u00e7\u00e3o\u201d.<\/p>\n<p>\u201cO enriquecimento il\u00edcito e a corrup\u00e7\u00e3o s\u00e3o males que penalizam justamente as pessoas que mais precisam do Estado, deixando-as sem acesso a servi\u00e7os essenciais, desde um simples medicamento a uma escola de qualidade para seus filhos. Por isso, se algo deve ser celebrado hoje, \u00e9 fortalecimento das nossas institui\u00e7\u00f5es\u201d, acrescenta o senador.<\/p>\n<p>Para C\u00e1ssio, a condena\u00e7\u00e3o de Lula \u00e9 tamb\u00e9m um novo alerta para que corrija as falhas no sistema pol\u00edtico e nas rela\u00e7\u00f5es entre poder p\u00fablico e iniciativa privada: \u201cO julgamento de hoje nos indica mais uma vez o quanto \u00e9 urgente corrigir as distor\u00e7\u00f5es do nosso sistema pol\u00edtico-partid\u00e1rio, sobretudo no que diz respeito ao financiamento eleitoral e ao exerc\u00edcio do Poder no Pa\u00eds, muitas vezes usado para as pr\u00e1ticas de enriquecimento il\u00edcito e lavagem de dinheiro com o intuito de formar patrim\u00f4nio pessoal\u201d.<\/p>\n<p><strong>CARIRI EM A\u00c7\u00c3O<\/strong><\/p>\n<p><em>Com Para\u00edba online\/Foto: Reprodu\u00e7\u00e3o Internet<\/em><\/p>\n<p><strong>Leia mais not\u00edcias em\u00a0<\/strong><a href=\"http:\/\/www.caririemacao.com\/\"><strong>caririemacao.com<\/strong><\/a><strong>, siga nossa p\u00e1gina no\u00a0<\/strong><a href=\"https:\/\/www.facebook.com\/CaririEmAcao\/?ref=aymt_homepage_panel\"><strong>Facebook<\/strong><\/a>,<strong>\u00a0<\/strong><a href=\"https:\/\/www.instagram.com\/cariri_em_acao\/?hl=pt-br\"><strong>Instagram<\/strong><\/a><strong>\u00a0e\u00a0<\/strong><a href=\"https:\/\/www.youtube.com\/channel\/UCAptA0jQuYQy8vMhLt2m4qg\"><strong>Youtube<\/strong><\/a><strong>\u00a0e veja nossas mat\u00e9rias, v\u00eddeos e fotos. Voc\u00ea tamb\u00e9m pode enviar informa\u00e7\u00f5es \u00e0 Reda\u00e7\u00e3o do Portal Cariri em A\u00e7\u00e3o pelo WhatsApp (83) 9 9634.5791, (83) 9 9601-1162.<\/strong><\/p>\n","protected":false},"excerpt":{"rendered":"<p>Com a responsabilidade de quem ocupa a vice-presid\u00eancia do Senado da Rep\u00fablica, o senador C\u00e1ssio Cunha Lima disse nesta quarta-feira (24) que \u00e9 preciso respeitar&hellip; <\/p>\n","protected":false},"author":2,"featured_media":38686,"comment_status":"closed","ping_status":"closed","sticky":false,"template":"","format":"standard","meta":{"sfsi_plus_gutenberg_text_before_share":"","sfsi_plus_gutenberg_show_text_before_share":"","sfsi_plus_gutenberg_icon_type":"","sfsi_plus_gutenberg_icon_alignemt":"","sfsi_plus_gutenburg_max_per_row":"","footnotes":""},"categories":[11],"tags":[],"class_list":["post-38685","post","type-post","status-publish","format-standard","has-post-thumbnail","hentry","category-politica"],"_links":{"self":[{"href":"https:\/\/www.caririemacao.com\/1\/wp-json\/wp\/v2\/posts\/38685","targetHints":{"allow":["GET"]}}],"collection":[{"href":"https:\/\/www.caririemacao.com\/1\/wp-json\/wp\/v2\/posts"}],"about":[{"href":"https:\/\/www.caririemacao.com\/1\/wp-json\/wp\/v2\/types\/post"}],"author":[{"embeddable":true,"href":"https:\/\/www.caririemacao.com\/1\/wp-json\/wp\/v2\/users\/2"}],"replies":[{"embeddable":true,"href":"https:\/\/www.caririemacao.com\/1\/wp-json\/wp\/v2\/comments?post=38685"}],"version-history":[{"count":0,"href":"https:\/\/www.caririemacao.com\/1\/wp-json\/wp\/v2\/posts\/38685\/revisions"}],"wp:featuredmedia":[{"embeddable":true,"href":"https:\/\/www.caririemacao.com\/1\/wp-json\/wp\/v2\/media\/38686"}],"wp:attachment":[{"href":"https:\/\/www.caririemacao.com\/1\/wp-json\/wp\/v2\/media?parent=38685"}],"wp:term":[{"taxonomy":"category","embeddable":true,"href":"https:\/\/www.caririemacao.com\/1\/wp-json\/wp\/v2\/categories?post=38685"},{"taxonomy":"post_tag","embeddable":true,"href":"https:\/\/www.caririemacao.com\/1\/wp-json\/wp\/v2\/tags?post=38685"}],"curies":[{"name":"wp","href":"https:\/\/api.w.org\/{rel}","templated":true}]}}