{"id":38691,"date":"2018-01-25T07:59:37","date_gmt":"2018-01-25T10:59:37","guid":{"rendered":"http:\/\/caririemacao.com\/1\/?p=38691"},"modified":"2018-01-25T07:59:37","modified_gmt":"2018-01-25T10:59:37","slug":"ministros-dizem-que-impedimento-da-candidatura-de-lula-e-inevitavel","status":"publish","type":"post","link":"https:\/\/www.caririemacao.com\/1\/2018\/01\/25\/ministros-dizem-que-impedimento-da-candidatura-de-lula-e-inevitavel\/","title":{"rendered":"Ministros dizem que impedimento da candidatura de Lula \u00e9 inevit\u00e1vel"},"content":{"rendered":"<p>A decis\u00e3o un\u00e2nime do Tribunal Regional Federal da 4\u00aa Regi\u00e3o (TRF-4) de condenar o ex-presidente Luiz In\u00e1cio Lula da Silva a 12 anos e um m\u00eas de pris\u00e3o pelos crimes de corrup\u00e7\u00e3o passiva e lavagem de dinheiro pode resultar no impedimento da candidatura do petista nas elei\u00e7\u00f5es presidenciais deste ano.<\/p>\n<p>De acordo com ministros do Tribunal Superior Eleitoral, a cassa\u00e7\u00e3o do prov\u00e1vel registro de candidatura do ex-presidente \u00e9 inevit\u00e1vel. Em conversa com o Blog do Camarotti, do G1, dois ministros explicaram que a Lei da Ficha Limpa determina que um candidato condenado por um colegiado por crimes como corrup\u00e7\u00e3o passiva e lavagem de dinheiro fica automaticamente ineleg\u00edvel.<\/p>\n<p>\u201c\u00c9 um prato que j\u00e1 est\u00e1 feito. Praticamente, vamos nos reunir apenas para uma formaliza\u00e7\u00e3o do que j\u00e1 deixa claro a Lei da Ficha Limpa\u201d, disse um ministro.<\/p>\n<p>Ap\u00f3s a manuten\u00e7\u00e3o un\u00e2nime da condena\u00e7\u00e3o, os ministros do TSE devem oficializar o impedimento de Lula na primeira semana de setembro. Embora exista a possibilidade de recurso no TRF-4, ela se resume aos chamados embargos de declara\u00e7\u00e3o, e este tipo de recurso que n\u00e3o \u00e9 capaz de reverter a condena\u00e7\u00e3o.<\/p>\n<p>Os ministros do TSE acreditam que o julgamento dos prov\u00e1veis recursos no STJ e STF deve acontecer antes de 15 de agosto, \u00faltimo dia para registro de candidaturas.<\/p>\n<p>Ainda segundo o blog, a discuss\u00e3o colocada agora \u00e9 se algu\u00e9m cuja candidatura depende do julgamento de recursos poder\u00e1, mesmo assim, continuar fazendo campanha.<\/p>\n<p><strong>CARIRI EM A\u00c7\u00c3O<\/strong><\/p>\n<p><em>Com Pol\u00edtica ao minuto\/Foto:\u00a0\u00a0Reuters<\/em><\/p>\n<p><strong>Leia mais not\u00edcias em\u00a0<\/strong><a href=\"http:\/\/www.caririemacao.com\/\"><strong>caririemacao.com<\/strong><\/a><strong>, siga nossa p\u00e1gina no\u00a0<\/strong><a href=\"https:\/\/www.facebook.com\/CaririEmAcao\/?ref=aymt_homepage_panel\"><strong>Facebook<\/strong><\/a>,<strong>\u00a0<\/strong><a href=\"https:\/\/www.instagram.com\/cariri_em_acao\/?hl=pt-br\"><strong>Instagram<\/strong><\/a><strong>\u00a0e\u00a0<\/strong><a href=\"https:\/\/www.youtube.com\/channel\/UCAptA0jQuYQy8vMhLt2m4qg\"><strong>Youtube<\/strong><\/a><strong>\u00a0e veja nossas mat\u00e9rias, v\u00eddeos e fotos. Voc\u00ea tamb\u00e9m pode enviar informa\u00e7\u00f5es \u00e0 Reda\u00e7\u00e3o do Portal Cariri em A\u00e7\u00e3o pelo WhatsApp (83) 9 9634.5791, (83) 9 9601-1162.<\/strong><\/p>\n","protected":false},"excerpt":{"rendered":"<p>A decis\u00e3o un\u00e2nime do Tribunal Regional Federal da 4\u00aa Regi\u00e3o (TRF-4) de condenar o ex-presidente Luiz In\u00e1cio Lula da Silva a 12 anos e um&hellip; <\/p>\n","protected":false},"author":2,"featured_media":38692,"comment_status":"closed","ping_status":"closed","sticky":false,"template":"","format":"standard","meta":{"sfsi_plus_gutenberg_text_before_share":"","sfsi_plus_gutenberg_show_text_before_share":"","sfsi_plus_gutenberg_icon_type":"","sfsi_plus_gutenberg_icon_alignemt":"","sfsi_plus_gutenburg_max_per_row":"","footnotes":""},"categories":[11],"tags":[],"class_list":["post-38691","post","type-post","status-publish","format-standard","has-post-thumbnail","hentry","category-politica"],"_links":{"self":[{"href":"https:\/\/www.caririemacao.com\/1\/wp-json\/wp\/v2\/posts\/38691","targetHints":{"allow":["GET"]}}],"collection":[{"href":"https:\/\/www.caririemacao.com\/1\/wp-json\/wp\/v2\/posts"}],"about":[{"href":"https:\/\/www.caririemacao.com\/1\/wp-json\/wp\/v2\/types\/post"}],"author":[{"embeddable":true,"href":"https:\/\/www.caririemacao.com\/1\/wp-json\/wp\/v2\/users\/2"}],"replies":[{"embeddable":true,"href":"https:\/\/www.caririemacao.com\/1\/wp-json\/wp\/v2\/comments?post=38691"}],"version-history":[{"count":0,"href":"https:\/\/www.caririemacao.com\/1\/wp-json\/wp\/v2\/posts\/38691\/revisions"}],"wp:featuredmedia":[{"embeddable":true,"href":"https:\/\/www.caririemacao.com\/1\/wp-json\/wp\/v2\/media\/38692"}],"wp:attachment":[{"href":"https:\/\/www.caririemacao.com\/1\/wp-json\/wp\/v2\/media?parent=38691"}],"wp:term":[{"taxonomy":"category","embeddable":true,"href":"https:\/\/www.caririemacao.com\/1\/wp-json\/wp\/v2\/categories?post=38691"},{"taxonomy":"post_tag","embeddable":true,"href":"https:\/\/www.caririemacao.com\/1\/wp-json\/wp\/v2\/tags?post=38691"}],"curies":[{"name":"wp","href":"https:\/\/api.w.org\/{rel}","templated":true}]}}