{"id":38699,"date":"2018-01-25T08:21:20","date_gmt":"2018-01-25T11:21:20","guid":{"rendered":"http:\/\/caririemacao.com\/1\/?p=38699"},"modified":"2018-01-25T08:21:20","modified_gmt":"2018-01-25T11:21:20","slug":"empreender-pb-abre-inscricoes-em-barra-de-sao-miguel","status":"publish","type":"post","link":"https:\/\/www.caririemacao.com\/1\/2018\/01\/25\/empreender-pb-abre-inscricoes-em-barra-de-sao-miguel\/","title":{"rendered":"Empreender PB abre inscri\u00e7\u00f5es em Barra de S\u00e3o Miguel"},"content":{"rendered":"<p>O programa Empreender Para\u00edba abre, nesta quinta-feira (25), inscri\u00e7\u00f5es para concess\u00f5es de cr\u00e9dito para empreendedores de Barra de S\u00e3o Miguel que desejam iniciar o seu pr\u00f3prio neg\u00f3cio ou a amplia\u00e7\u00e3o de um j\u00e1 existente.<\/p>\n<p>As inscri\u00e7\u00f5es s\u00e3o gratuitas e limitadas, podendo ser realizadas nas linhas de cr\u00e9dito Pessoa F\u00edsica e Empreender Juventudes. Os interessados devem acessar o endere\u00e7o eletr\u00f4nico\u00a0www.empreender.pb.gov.br\u00a0e fazer o cadastramento. A documenta\u00e7\u00e3o necess\u00e1ria para inscri\u00e7\u00e3o varia de acordo com a exig\u00eancia de cada linha de cr\u00e9dito, cujas informa\u00e7\u00f5es podem ser encontradas por meio do edital dispon\u00edvel no portal do Empreender PB.<\/p>\n<p>O Programa Empreender PB tem como prioridade a concess\u00e3o de cr\u00e9dito produtivo orientado com o objetivo de incentivar a gera\u00e7\u00e3o de ocupa\u00e7\u00e3o e renda entre os empreendedores paraibanos, bem como apoiar e fortalecer a economia solid\u00e1ria, o microempreendedor individual, o microempres\u00e1rio, o empres\u00e1rio de pequeno porte e as cooperativas de produ\u00e7\u00e3o do Estado da Para\u00edba.<\/p>\n<p><strong>CARIRI EM A\u00c7\u00c3O<\/strong><\/p>\n<p><em>Com Wscom\/Foto: Wscom<\/em><\/p>\n<p><strong>Leia mais not\u00edcias em\u00a0<\/strong><a href=\"http:\/\/www.caririemacao.com\/\"><strong>caririemacao.com<\/strong><\/a><strong>, siga nossa p\u00e1gina no\u00a0<\/strong><a href=\"https:\/\/www.facebook.com\/CaririEmAcao\/?ref=aymt_homepage_panel\"><strong>Facebook<\/strong><\/a>,<strong>\u00a0<\/strong><a href=\"https:\/\/www.instagram.com\/cariri_em_acao\/?hl=pt-br\"><strong>Instagram<\/strong><\/a><strong>\u00a0e\u00a0<\/strong><a href=\"https:\/\/www.youtube.com\/channel\/UCAptA0jQuYQy8vMhLt2m4qg\"><strong>Youtube<\/strong><\/a><strong>\u00a0e veja nossas mat\u00e9rias, v\u00eddeos e fotos. Voc\u00ea tamb\u00e9m pode enviar informa\u00e7\u00f5es \u00e0 Reda\u00e7\u00e3o do Portal Cariri em A\u00e7\u00e3o pelo WhatsApp (83) 9 9634.5791, (83) 9 9601-1162.<\/strong><\/p>\n","protected":false},"excerpt":{"rendered":"<p>O programa Empreender Para\u00edba abre, nesta quinta-feira (25), inscri\u00e7\u00f5es para concess\u00f5es de cr\u00e9dito para empreendedores de Barra de S\u00e3o Miguel que desejam iniciar o seu&hellip; <\/p>\n","protected":false},"author":2,"featured_media":38700,"comment_status":"closed","ping_status":"closed","sticky":false,"template":"","format":"standard","meta":{"sfsi_plus_gutenberg_text_before_share":"","sfsi_plus_gutenberg_show_text_before_share":"","sfsi_plus_gutenberg_icon_type":"","sfsi_plus_gutenberg_icon_alignemt":"","sfsi_plus_gutenburg_max_per_row":"","footnotes":""},"categories":[2],"tags":[],"class_list":["post-38699","post","type-post","status-publish","format-standard","has-post-thumbnail","hentry","category-geral"],"_links":{"self":[{"href":"https:\/\/www.caririemacao.com\/1\/wp-json\/wp\/v2\/posts\/38699","targetHints":{"allow":["GET"]}}],"collection":[{"href":"https:\/\/www.caririemacao.com\/1\/wp-json\/wp\/v2\/posts"}],"about":[{"href":"https:\/\/www.caririemacao.com\/1\/wp-json\/wp\/v2\/types\/post"}],"author":[{"embeddable":true,"href":"https:\/\/www.caririemacao.com\/1\/wp-json\/wp\/v2\/users\/2"}],"replies":[{"embeddable":true,"href":"https:\/\/www.caririemacao.com\/1\/wp-json\/wp\/v2\/comments?post=38699"}],"version-history":[{"count":0,"href":"https:\/\/www.caririemacao.com\/1\/wp-json\/wp\/v2\/posts\/38699\/revisions"}],"wp:featuredmedia":[{"embeddable":true,"href":"https:\/\/www.caririemacao.com\/1\/wp-json\/wp\/v2\/media\/38700"}],"wp:attachment":[{"href":"https:\/\/www.caririemacao.com\/1\/wp-json\/wp\/v2\/media?parent=38699"}],"wp:term":[{"taxonomy":"category","embeddable":true,"href":"https:\/\/www.caririemacao.com\/1\/wp-json\/wp\/v2\/categories?post=38699"},{"taxonomy":"post_tag","embeddable":true,"href":"https:\/\/www.caririemacao.com\/1\/wp-json\/wp\/v2\/tags?post=38699"}],"curies":[{"name":"wp","href":"https:\/\/api.w.org\/{rel}","templated":true}]}}