{"id":38704,"date":"2018-01-25T08:29:25","date_gmt":"2018-01-25T11:29:25","guid":{"rendered":"http:\/\/caririemacao.com\/1\/?p=38704"},"modified":"2018-01-25T08:29:25","modified_gmt":"2018-01-25T11:29:25","slug":"ministros-do-tse-podem-impedir-candidatura-de-lula-a-presidencia","status":"publish","type":"post","link":"https:\/\/www.caririemacao.com\/1\/2018\/01\/25\/ministros-do-tse-podem-impedir-candidatura-de-lula-a-presidencia\/","title":{"rendered":"Ministros do TSE podem impedir candidatura de Lula \u00e0 Presid\u00eancia"},"content":{"rendered":"<p>Diante da decis\u00e3o un\u00e2nime e colegiada do Tribunal Regional Federal da 4\u00aa Regi\u00e3o (TRF-4), ministros do Tribunal Superior Eleitoral consideram inevit\u00e1vel a cassa\u00e7\u00e3o do prov\u00e1vel registro de candidatura do ex-presidente Luiz In\u00e1cio Lula da Silva.<\/p>\n<p>Dois ministros ressaltaram que a Lei da Ficha Limpa deixa claro que um candidato condenado por um colegiado por crimes como corrup\u00e7\u00e3o passiva e lavagem de dinheiro fica automaticamente ineleg\u00edvel. Esse \u00e9 justamente o caso do ex-presidente Lula.<\/p>\n<p>\u201c\u00c9 um prato que j\u00e1 est\u00e1 feito. Praticamente, vamos nos reunir apenas para uma formaliza\u00e7\u00e3o do que j\u00e1 deixa claro a Lei da Ficha Limpa\u201d, resume um ministro.<\/p>\n<p>Com a manuten\u00e7\u00e3o un\u00e2nime da condena\u00e7\u00e3o, a expectativa \u00e9 de que os ministros do TSE oficializem o impedimento de Lula na primeira semana de setembro.<\/p>\n<p>Isso porque a possibilidade de recurso no TRF-4 se resume aos chamados embargos de declara\u00e7\u00e3o, tipo de recurso que n\u00e3o \u00e9 capaz de reverter a condena\u00e7\u00e3o.<\/p>\n<p>Com isso, os ministros do TSE acreditam que o julgamento desse e de prov\u00e1veis outros recursos no STJ e STF deve acontecer antes de 15 de agosto, \u00faltimo dia para registro de candidaturas.<\/p>\n<p>O grande debate que ser\u00e1 colocado \u00e9 se algu\u00e9m cuja candidatura depende do julgamento de recursos poder\u00e1, mesmo assim, continuar fazendo campanha.<\/p>\n<p><strong>CARIRI EM A\u00c7\u00c3O<\/strong><\/p>\n<p><em>Com G1\/Foto: Reprodu\u00e7\u00e3o google<\/em><\/p>\n<p><strong>Leia mais not\u00edcias em\u00a0<\/strong><a href=\"http:\/\/www.caririemacao.com\/\"><strong>caririemacao.com<\/strong><\/a><strong>, siga nossa p\u00e1gina no\u00a0<\/strong><a href=\"https:\/\/www.facebook.com\/CaririEmAcao\/?ref=aymt_homepage_panel\"><strong>Facebook<\/strong><\/a>,<strong>\u00a0<\/strong><a href=\"https:\/\/www.instagram.com\/cariri_em_acao\/?hl=pt-br\"><strong>Instagram<\/strong><\/a><strong>\u00a0e\u00a0<\/strong><a href=\"https:\/\/www.youtube.com\/channel\/UCAptA0jQuYQy8vMhLt2m4qg\"><strong>Youtube<\/strong><\/a><strong>\u00a0e veja nossas mat\u00e9rias, v\u00eddeos e fotos. Voc\u00ea tamb\u00e9m pode enviar informa\u00e7\u00f5es \u00e0 Reda\u00e7\u00e3o do Portal Cariri em A\u00e7\u00e3o pelo WhatsApp (83) 9 9634.5791, (83) 9 9601-1162.<\/strong><\/p>\n","protected":false},"excerpt":{"rendered":"<p>Diante da decis\u00e3o un\u00e2nime e colegiada do Tribunal Regional Federal da 4\u00aa Regi\u00e3o (TRF-4), ministros do Tribunal Superior Eleitoral consideram inevit\u00e1vel a cassa\u00e7\u00e3o do prov\u00e1vel&hellip; <\/p>\n","protected":false},"author":2,"featured_media":30457,"comment_status":"closed","ping_status":"closed","sticky":false,"template":"","format":"standard","meta":{"sfsi_plus_gutenberg_text_before_share":"","sfsi_plus_gutenberg_show_text_before_share":"","sfsi_plus_gutenberg_icon_type":"","sfsi_plus_gutenberg_icon_alignemt":"","sfsi_plus_gutenburg_max_per_row":"","footnotes":""},"categories":[11],"tags":[],"class_list":["post-38704","post","type-post","status-publish","format-standard","has-post-thumbnail","hentry","category-politica"],"_links":{"self":[{"href":"https:\/\/www.caririemacao.com\/1\/wp-json\/wp\/v2\/posts\/38704","targetHints":{"allow":["GET"]}}],"collection":[{"href":"https:\/\/www.caririemacao.com\/1\/wp-json\/wp\/v2\/posts"}],"about":[{"href":"https:\/\/www.caririemacao.com\/1\/wp-json\/wp\/v2\/types\/post"}],"author":[{"embeddable":true,"href":"https:\/\/www.caririemacao.com\/1\/wp-json\/wp\/v2\/users\/2"}],"replies":[{"embeddable":true,"href":"https:\/\/www.caririemacao.com\/1\/wp-json\/wp\/v2\/comments?post=38704"}],"version-history":[{"count":0,"href":"https:\/\/www.caririemacao.com\/1\/wp-json\/wp\/v2\/posts\/38704\/revisions"}],"wp:featuredmedia":[{"embeddable":true,"href":"https:\/\/www.caririemacao.com\/1\/wp-json\/wp\/v2\/media\/30457"}],"wp:attachment":[{"href":"https:\/\/www.caririemacao.com\/1\/wp-json\/wp\/v2\/media?parent=38704"}],"wp:term":[{"taxonomy":"category","embeddable":true,"href":"https:\/\/www.caririemacao.com\/1\/wp-json\/wp\/v2\/categories?post=38704"},{"taxonomy":"post_tag","embeddable":true,"href":"https:\/\/www.caririemacao.com\/1\/wp-json\/wp\/v2\/tags?post=38704"}],"curies":[{"name":"wp","href":"https:\/\/api.w.org\/{rel}","templated":true}]}}