{"id":38706,"date":"2018-01-25T08:34:22","date_gmt":"2018-01-25T11:34:22","guid":{"rendered":"http:\/\/caririemacao.com\/1\/?p=38706"},"modified":"2018-01-25T08:34:22","modified_gmt":"2018-01-25T11:34:22","slug":"prisao-de-lula-incendiaria-o-brasil-diz-marco-aurelio","status":"publish","type":"post","link":"https:\/\/www.caririemacao.com\/1\/2018\/01\/25\/prisao-de-lula-incendiaria-o-brasil-diz-marco-aurelio\/","title":{"rendered":"Pris\u00e3o de Lula incendiaria o Brasil, diz Marco Aur\u00e9lio"},"content":{"rendered":"<p>O ministro Marco Aur\u00e9lio Mello, do Supremo Tribunal Federal (STF), afirmou que uma eventual pris\u00e3o do ex-presidente Luiz In\u00e1cio Lula da Silva (PT) incendiaria o Brasil. &#8220;Eu duvido que o fa\u00e7am, porque n\u00e3o \u00e9 a ordem jur\u00eddica constitucional. E, em segundo lugar, no pico de uma crise, um ato deste poder\u00e1 incendiar o Pa\u00eds&#8221;, afirmou o ministro logo ap\u00f3s a manuten\u00e7\u00e3o da condena\u00e7\u00e3o de Lula pelo Tribunal Regional Federal da 4\u00b0 Regi\u00e3o (TRF-4).<\/p>\n<p>Caso Lula seja preso, explica Marco Aur\u00e9lio, se estaria acionando a nova jurisprud\u00eancia do STF sobre a possibilidade de execu\u00e7\u00e3o de pena ap\u00f3s condena\u00e7\u00e3o em segundo grau. O ministro, no entanto, defende a revis\u00e3o do entendimento. &#8220;Se n\u00e3o for preso \u00e9 porque essa jurisprud\u00eancia realmente n\u00e3o encontra base na Constitui\u00e7\u00e3o Federal, e tem que ser revista&#8221;, disse.<\/p>\n<p>Marco Aur\u00e9lio \u00e9 relator de duas a\u00e7\u00f5es nas quais o STF firmou, em outubro de 2016, o entendimento de que \u00e9 poss\u00edvel iniciar o cumprimento de pena ap\u00f3s a condena\u00e7\u00e3o em segunda inst\u00e2ncia. O ministro foi voto vencido na \u00e9poca.<\/p>\n<p>&#8220;Para os cidad\u00e3os em geral, (pris\u00e3o ap\u00f3s segunda inst\u00e2ncia) \u00e9 o que vem ocorrendo, agora eu quero ver, \u00e9 uma prova dos nove dessa nova jurisprud\u00eancia, como eu disse, se forem determinar a pris\u00e3o do ex-presidente. Eu n\u00e3o acredito&#8221;, completou.<\/p>\n<p><strong>CARIRI EM A\u00c7\u00c3O<\/strong><\/p>\n<p><em>Com Brasil 247\/Foto: Reprodu\u00e7\u00e3o google<\/em><\/p>\n<p><strong>Leia mais not\u00edcias em\u00a0<\/strong><a href=\"http:\/\/www.caririemacao.com\/\"><strong>caririemacao.com<\/strong><\/a><strong>, siga nossa p\u00e1gina no\u00a0<\/strong><a href=\"https:\/\/www.facebook.com\/CaririEmAcao\/?ref=aymt_homepage_panel\"><strong>Facebook<\/strong><\/a>,<strong>\u00a0<\/strong><a href=\"https:\/\/www.instagram.com\/cariri_em_acao\/?hl=pt-br\"><strong>Instagram<\/strong><\/a><strong>\u00a0e\u00a0<\/strong><a href=\"https:\/\/www.youtube.com\/channel\/UCAptA0jQuYQy8vMhLt2m4qg\"><strong>Youtube<\/strong><\/a><strong>\u00a0e veja nossas mat\u00e9rias, v\u00eddeos e fotos. Voc\u00ea tamb\u00e9m pode enviar informa\u00e7\u00f5es \u00e0 Reda\u00e7\u00e3o do Portal Cariri em A\u00e7\u00e3o pelo WhatsApp (83) 9 9634.5791, (83) 9 9601-1162.<\/strong><\/p>\n","protected":false},"excerpt":{"rendered":"<p>O ministro Marco Aur\u00e9lio Mello, do Supremo Tribunal Federal (STF), afirmou que uma eventual pris\u00e3o do ex-presidente Luiz In\u00e1cio Lula da Silva (PT) incendiaria o&hellip; <\/p>\n","protected":false},"author":2,"featured_media":38707,"comment_status":"closed","ping_status":"closed","sticky":false,"template":"","format":"standard","meta":{"sfsi_plus_gutenberg_text_before_share":"","sfsi_plus_gutenberg_show_text_before_share":"","sfsi_plus_gutenberg_icon_type":"","sfsi_plus_gutenberg_icon_alignemt":"","sfsi_plus_gutenburg_max_per_row":"","footnotes":""},"categories":[11],"tags":[],"class_list":["post-38706","post","type-post","status-publish","format-standard","has-post-thumbnail","hentry","category-politica"],"_links":{"self":[{"href":"https:\/\/www.caririemacao.com\/1\/wp-json\/wp\/v2\/posts\/38706","targetHints":{"allow":["GET"]}}],"collection":[{"href":"https:\/\/www.caririemacao.com\/1\/wp-json\/wp\/v2\/posts"}],"about":[{"href":"https:\/\/www.caririemacao.com\/1\/wp-json\/wp\/v2\/types\/post"}],"author":[{"embeddable":true,"href":"https:\/\/www.caririemacao.com\/1\/wp-json\/wp\/v2\/users\/2"}],"replies":[{"embeddable":true,"href":"https:\/\/www.caririemacao.com\/1\/wp-json\/wp\/v2\/comments?post=38706"}],"version-history":[{"count":0,"href":"https:\/\/www.caririemacao.com\/1\/wp-json\/wp\/v2\/posts\/38706\/revisions"}],"wp:featuredmedia":[{"embeddable":true,"href":"https:\/\/www.caririemacao.com\/1\/wp-json\/wp\/v2\/media\/38707"}],"wp:attachment":[{"href":"https:\/\/www.caririemacao.com\/1\/wp-json\/wp\/v2\/media?parent=38706"}],"wp:term":[{"taxonomy":"category","embeddable":true,"href":"https:\/\/www.caririemacao.com\/1\/wp-json\/wp\/v2\/categories?post=38706"},{"taxonomy":"post_tag","embeddable":true,"href":"https:\/\/www.caririemacao.com\/1\/wp-json\/wp\/v2\/tags?post=38706"}],"curies":[{"name":"wp","href":"https:\/\/api.w.org\/{rel}","templated":true}]}}