{"id":38709,"date":"2018-01-25T08:54:27","date_gmt":"2018-01-25T11:54:27","guid":{"rendered":"http:\/\/caririemacao.com\/1\/?p=38709"},"modified":"2018-01-25T09:08:45","modified_gmt":"2018-01-25T12:08:45","slug":"policia-recupera-moto-roubada","status":"publish","type":"post","link":"https:\/\/www.caririemacao.com\/1\/2018\/01\/25\/policia-recupera-moto-roubada\/","title":{"rendered":"Pol\u00edcia recupera moto roubada"},"content":{"rendered":"<p>Na noite desta segunda-feira (23\/01), moradores do distrito de Santa Luzia do Cariri, munic\u00edpio de Serra Branca, reconheceram dois elementos em um moto que havia sido roubada no \u00faltimo dia 27 de dezembro entre Sum\u00e9 e Serra Branca.<\/p>\n<div>Ao chegar no distrito, os dois elementos foram cercados por moradores e alguns vigias de rua, depois de um princ\u00edpio de confus\u00e3o ambos conseguiram fugir.<\/div>\n<div><\/div>\n<div>Conforme as primeiras informa\u00e7\u00f5es a moto pertence a um homem identificado por nome de kennedy.<\/div>\n<div><\/div>\n<div>Os elementos acusados do roubo s\u00e3o da cidade de Sum\u00e9.<\/div>\n<div><\/div>\n<div>A Pol\u00edcia Militar foi acionada, fez dilig\u00eancias, mas at\u00e9 o momento ningu\u00e9m foi preso.<\/div>\n<div>\n<p><strong>CARIRI EM A\u00c7\u00c3O<\/strong><\/p>\n<p><em>Com Cariri em Destaque\/Foto: Reprodu\u00e7\u00e3o google<\/em><\/p>\n<p><strong>Leia mais not\u00edcias em\u00a0<\/strong><a href=\"http:\/\/www.caririemacao.com\/\"><strong>caririemacao.com<\/strong><\/a><strong>, siga nossa p\u00e1gina no\u00a0<\/strong><a href=\"https:\/\/www.facebook.com\/CaririEmAcao\/?ref=aymt_homepage_panel\"><strong>Facebook<\/strong><\/a>,<strong>\u00a0<\/strong><a href=\"https:\/\/www.instagram.com\/cariri_em_acao\/?hl=pt-br\"><strong>Instagram<\/strong><\/a><strong>\u00a0e\u00a0<\/strong><a href=\"https:\/\/www.youtube.com\/channel\/UCAptA0jQuYQy8vMhLt2m4qg\"><strong>Youtube<\/strong><\/a><strong>\u00a0e veja nossas mat\u00e9rias, v\u00eddeos e fotos. Voc\u00ea tamb\u00e9m pode enviar informa\u00e7\u00f5es \u00e0 Reda\u00e7\u00e3o do Portal Cariri em A\u00e7\u00e3o pelo WhatsApp (83) 9 9634.5791, (83) 9 9601-1162.<\/strong><\/p>\n<\/div>\n","protected":false},"excerpt":{"rendered":"<p>Na noite desta segunda-feira (23\/01), moradores do distrito de Santa Luzia do Cariri, munic\u00edpio de Serra Branca, reconheceram dois elementos em um moto que havia&hellip; <\/p>\n","protected":false},"author":2,"featured_media":33318,"comment_status":"closed","ping_status":"closed","sticky":false,"template":"","format":"standard","meta":{"sfsi_plus_gutenberg_text_before_share":"","sfsi_plus_gutenberg_show_text_before_share":"","sfsi_plus_gutenberg_icon_type":"","sfsi_plus_gutenberg_icon_alignemt":"","sfsi_plus_gutenburg_max_per_row":"","footnotes":""},"categories":[12],"tags":[],"class_list":["post-38709","post","type-post","status-publish","format-standard","has-post-thumbnail","hentry","category-policia"],"_links":{"self":[{"href":"https:\/\/www.caririemacao.com\/1\/wp-json\/wp\/v2\/posts\/38709","targetHints":{"allow":["GET"]}}],"collection":[{"href":"https:\/\/www.caririemacao.com\/1\/wp-json\/wp\/v2\/posts"}],"about":[{"href":"https:\/\/www.caririemacao.com\/1\/wp-json\/wp\/v2\/types\/post"}],"author":[{"embeddable":true,"href":"https:\/\/www.caririemacao.com\/1\/wp-json\/wp\/v2\/users\/2"}],"replies":[{"embeddable":true,"href":"https:\/\/www.caririemacao.com\/1\/wp-json\/wp\/v2\/comments?post=38709"}],"version-history":[{"count":0,"href":"https:\/\/www.caririemacao.com\/1\/wp-json\/wp\/v2\/posts\/38709\/revisions"}],"wp:featuredmedia":[{"embeddable":true,"href":"https:\/\/www.caririemacao.com\/1\/wp-json\/wp\/v2\/media\/33318"}],"wp:attachment":[{"href":"https:\/\/www.caririemacao.com\/1\/wp-json\/wp\/v2\/media?parent=38709"}],"wp:term":[{"taxonomy":"category","embeddable":true,"href":"https:\/\/www.caririemacao.com\/1\/wp-json\/wp\/v2\/categories?post=38709"},{"taxonomy":"post_tag","embeddable":true,"href":"https:\/\/www.caririemacao.com\/1\/wp-json\/wp\/v2\/tags?post=38709"}],"curies":[{"name":"wp","href":"https:\/\/api.w.org\/{rel}","templated":true}]}}