{"id":38714,"date":"2018-01-25T09:02:18","date_gmt":"2018-01-25T12:02:18","guid":{"rendered":"http:\/\/caririemacao.com\/1\/?p=38714"},"modified":"2018-01-25T09:02:18","modified_gmt":"2018-01-25T12:02:18","slug":"tce-pb-219-prefeituras-ainda-nao-enviaram-balancetes-de-dezembro","status":"publish","type":"post","link":"https:\/\/www.caririemacao.com\/1\/2018\/01\/25\/tce-pb-219-prefeituras-ainda-nao-enviaram-balancetes-de-dezembro\/","title":{"rendered":"TCE-PB: 219 prefeituras ainda n\u00e3o enviaram balancetes de dezembro"},"content":{"rendered":"<p>A oito do final do prazo, 219 prefeituras da Para\u00edba ainda n\u00e3o enviaram ao Tribunal de Contas do Estado da Para\u00edba os balancetes financeiros de dezembro de 2017. Quatro prefeitos e 13 c\u00e2maras municipais entregaram a documenta\u00e7\u00e3o \u00e0 Corte, se antecipando ao t\u00e9rmino do prazo, que \u00e9 dia 31 deste m\u00eas de janeiro. Por sua vez, a entrega da presta\u00e7\u00e3o de contas anual, de todo exerc\u00edcio 2017, se encerra em 31 de mar\u00e7o.<\/p>\n<p>A gest\u00e3o que n\u00e3o cumprir os prazos ter\u00e1 as contas bloqueadas por determina\u00e7\u00e3o do TCE-PB. At\u00e9 a pr\u00f3xima segunda-feira (29), o Tribunal de Contas da Para\u00edba emitir\u00e1 relat\u00f3rios pr\u00e9vios sobre as contas \u2013 exerc\u00edcio 2017-, de gestores p\u00fablicos<\/p>\n<p>A iniciativa pioneira do TCE-PB em emitir os relat\u00f3rios pr\u00e9vios abre aos gestores a oportunidade de, ao encaminhar sua presta\u00e7\u00e3o de contas at\u00e9 31 de mar\u00e7o, j\u00e1 incluir eventuais esclarecimentos acerca de determinados itens apontados no relat\u00f3rio pr\u00e9vio.<\/p>\n<p>O presidente do TCE, conselheiro Andr\u00e9 Carlo Torres, refor\u00e7ou nesta quarta-feira a conclama\u00e7\u00e3o aos gestores para que encaminhem a documenta\u00e7\u00e3o no prazo ao tribunal. E enalteceu aqueles que j\u00e1 o fizeram ao afirmar que a atitude contribui com a celeridade processual e do pr\u00f3prio julgamento das contas.<\/p>\n<h4>Primeiras<\/h4>\n<p>Ser\u00e3o as primeiras a receber os relat\u00f3rios pr\u00e9vios elaborados com base nos dados das presta\u00e7\u00f5es de contas mensais (balancetes), as prefeituras de Matinhas, Pianc\u00f3, Lastro e M\u00e3o D\u00b4\u00e1gua. E, tamb\u00e9m, as c\u00e2maras de vereadores dos munic\u00edpios de Areal, Cabaceiras, Cara\u00fabas, Cruz do Esp\u00edrito Santo, Cuit\u00e9 de Mamanguape, Fagundes, Gurinh\u00e9m, Itapororoca, Jo\u00e3o Pessoa, Montadas, Riacho de Santo Ant\u00f4nio, Salgado de S\u00e3o F\u00e9lix e Sum\u00e9.<\/p>\n<p>Al\u00e9m das 223 prefeituras e igual n\u00famero de c\u00e2maras, tamb\u00e9m receber\u00e3o relat\u00f3rios pr\u00e9vios os demais poderes, 80 unidades gestoras da administra\u00e7\u00e3o direta e indireta do Estado, o Minist\u00e9rio P\u00fablico, Defensoria P\u00fablica, e o pr\u00f3prio Tribunal de Contas.<\/p>\n<p><strong>CARIRI EM A\u00c7\u00c3O<\/strong><\/p>\n<p><em>Com O Pipoco\/Foto: Reprodu\u00e7\u00e3o google<\/em><\/p>\n<p><strong>Leia mais not\u00edcias em\u00a0<\/strong><a href=\"http:\/\/www.caririemacao.com\/\"><strong>caririemacao.com<\/strong><\/a><strong>, siga nossa p\u00e1gina no\u00a0<\/strong><a href=\"https:\/\/www.facebook.com\/CaririEmAcao\/?ref=aymt_homepage_panel\"><strong>Facebook<\/strong><\/a>,<strong>\u00a0<\/strong><a href=\"https:\/\/www.instagram.com\/cariri_em_acao\/?hl=pt-br\"><strong>Instagram<\/strong><\/a><strong>\u00a0e\u00a0<\/strong><a href=\"https:\/\/www.youtube.com\/channel\/UCAptA0jQuYQy8vMhLt2m4qg\"><strong>Youtube<\/strong><\/a><strong>\u00a0e veja nossas mat\u00e9rias, v\u00eddeos e fotos. Voc\u00ea tamb\u00e9m pode enviar informa\u00e7\u00f5es \u00e0 Reda\u00e7\u00e3o do Portal Cariri em A\u00e7\u00e3o pelo WhatsApp (83) 9 9634.5791, (83) 9 9601-1162.<\/strong><\/p>\n","protected":false},"excerpt":{"rendered":"<p>A oito do final do prazo, 219 prefeituras da Para\u00edba ainda n\u00e3o enviaram ao Tribunal de Contas do Estado da Para\u00edba os balancetes financeiros de&hellip; <\/p>\n","protected":false},"author":2,"featured_media":36803,"comment_status":"closed","ping_status":"closed","sticky":false,"template":"","format":"standard","meta":{"sfsi_plus_gutenberg_text_before_share":"","sfsi_plus_gutenberg_show_text_before_share":"","sfsi_plus_gutenberg_icon_type":"","sfsi_plus_gutenberg_icon_alignemt":"","sfsi_plus_gutenburg_max_per_row":"","footnotes":""},"categories":[2],"tags":[],"class_list":["post-38714","post","type-post","status-publish","format-standard","has-post-thumbnail","hentry","category-geral"],"_links":{"self":[{"href":"https:\/\/www.caririemacao.com\/1\/wp-json\/wp\/v2\/posts\/38714","targetHints":{"allow":["GET"]}}],"collection":[{"href":"https:\/\/www.caririemacao.com\/1\/wp-json\/wp\/v2\/posts"}],"about":[{"href":"https:\/\/www.caririemacao.com\/1\/wp-json\/wp\/v2\/types\/post"}],"author":[{"embeddable":true,"href":"https:\/\/www.caririemacao.com\/1\/wp-json\/wp\/v2\/users\/2"}],"replies":[{"embeddable":true,"href":"https:\/\/www.caririemacao.com\/1\/wp-json\/wp\/v2\/comments?post=38714"}],"version-history":[{"count":0,"href":"https:\/\/www.caririemacao.com\/1\/wp-json\/wp\/v2\/posts\/38714\/revisions"}],"wp:featuredmedia":[{"embeddable":true,"href":"https:\/\/www.caririemacao.com\/1\/wp-json\/wp\/v2\/media\/36803"}],"wp:attachment":[{"href":"https:\/\/www.caririemacao.com\/1\/wp-json\/wp\/v2\/media?parent=38714"}],"wp:term":[{"taxonomy":"category","embeddable":true,"href":"https:\/\/www.caririemacao.com\/1\/wp-json\/wp\/v2\/categories?post=38714"},{"taxonomy":"post_tag","embeddable":true,"href":"https:\/\/www.caririemacao.com\/1\/wp-json\/wp\/v2\/tags?post=38714"}],"curies":[{"name":"wp","href":"https:\/\/api.w.org\/{rel}","templated":true}]}}