{"id":38723,"date":"2018-01-25T12:21:46","date_gmt":"2018-01-25T15:21:46","guid":{"rendered":"http:\/\/caririemacao.com\/1\/?p=38723"},"modified":"2018-01-25T12:21:46","modified_gmt":"2018-01-25T15:21:46","slug":"concurso-garota-marjosports-sera-realizado-nesta-sexta-em-sume","status":"publish","type":"post","link":"https:\/\/www.caririemacao.com\/1\/2018\/01\/25\/concurso-garota-marjosports-sera-realizado-nesta-sexta-em-sume\/","title":{"rendered":"Concurso Garota Marjosports ser\u00e1 realizado nesta sexta em Sum\u00e9"},"content":{"rendered":"<p>Est\u00e1 chegando a hora. Ser\u00e1 nesta sexta-feira, dia 26 de janeiro, a partir das 20h, a realiza\u00e7\u00e3o de um dos mais importantes concursos de beleza da regi\u00e3o, a Garota Marjosports, que ser\u00e1 promovido durante a programa\u00e7\u00e3o da Vaquejada do Parque Haras Vila Cowtry<\/p>\n<p>O desfile \u00e9 uma inova\u00e7\u00e3o que a empresa Marjospots, l\u00edder no segmento esportivo traz para a regi\u00e3o do Cariri Paraibano.<\/p>\n<p>Na passarela v\u00e1rias garotas estar\u00e3o concorrendo ao t\u00edtulo de Garota Marjospots. As tr\u00eas primeiras colocadas receber\u00e3o pr\u00eamios. Confira:<\/p>\n<p>1\u00aa colocada: 01 Iphone X 256 GB<\/p>\n<p>2 \u00aa colocada: 01 Iphone 7<\/p>\n<p>3\u00aa colocada: 01 Tablet Samsung<\/p>\n<p>As garotas ser\u00e3o avaliadas por um corpo de jurados que s\u00e3o ligados e entendem do mundo da moda. Maiores informa\u00e7\u00f5es falar com a organiza\u00e7\u00e3o no telefone (83) 9 9859.3626.<\/p>\n<p>Vale lembrar que a festa \u00e9 gratuita e contar\u00e1 com o show de Bedeu Quirino.<\/p>\n<p><strong>CARIRI EM A\u00c7\u00c3O<\/strong><\/p>\n<p><strong>Leia mais not\u00edcias em\u00a0<\/strong><a href=\"http:\/\/www.caririemacao.com\/\"><strong>caririemacao.com<\/strong><\/a><strong>, siga nossa p\u00e1gina no\u00a0<\/strong><a href=\"https:\/\/www.facebook.com\/CaririEmAcao\/?ref=aymt_homepage_panel\"><strong>Facebook<\/strong><\/a>,<strong>\u00a0<\/strong><a href=\"https:\/\/www.instagram.com\/cariri_em_acao\/?hl=pt-br\"><strong>Instagram<\/strong><\/a><strong>\u00a0e\u00a0<\/strong><a href=\"https:\/\/www.youtube.com\/channel\/UCAptA0jQuYQy8vMhLt2m4qg\"><strong>Youtube<\/strong><\/a><strong>\u00a0e veja nossas mat\u00e9rias, v\u00eddeos e fotos. Voc\u00ea tamb\u00e9m pode enviar informa\u00e7\u00f5es \u00e0 Reda\u00e7\u00e3o do Portal Cariri em A\u00e7\u00e3o pelo WhatsApp (83) 9 9634.5791, (83) 9 9601-1162.<\/strong><\/p>\n","protected":false},"excerpt":{"rendered":"<p>Est\u00e1 chegando a hora. Ser\u00e1 nesta sexta-feira, dia 26 de janeiro, a partir das 20h, a realiza\u00e7\u00e3o de um dos mais importantes concursos de beleza&hellip; <\/p>\n","protected":false},"author":2,"featured_media":38724,"comment_status":"closed","ping_status":"closed","sticky":false,"template":"","format":"standard","meta":{"sfsi_plus_gutenberg_text_before_share":"","sfsi_plus_gutenberg_show_text_before_share":"","sfsi_plus_gutenberg_icon_type":"","sfsi_plus_gutenberg_icon_alignemt":"","sfsi_plus_gutenburg_max_per_row":"","footnotes":""},"categories":[6],"tags":[],"class_list":["post-38723","post","type-post","status-publish","format-standard","has-post-thumbnail","hentry","category-cidades"],"_links":{"self":[{"href":"https:\/\/www.caririemacao.com\/1\/wp-json\/wp\/v2\/posts\/38723","targetHints":{"allow":["GET"]}}],"collection":[{"href":"https:\/\/www.caririemacao.com\/1\/wp-json\/wp\/v2\/posts"}],"about":[{"href":"https:\/\/www.caririemacao.com\/1\/wp-json\/wp\/v2\/types\/post"}],"author":[{"embeddable":true,"href":"https:\/\/www.caririemacao.com\/1\/wp-json\/wp\/v2\/users\/2"}],"replies":[{"embeddable":true,"href":"https:\/\/www.caririemacao.com\/1\/wp-json\/wp\/v2\/comments?post=38723"}],"version-history":[{"count":0,"href":"https:\/\/www.caririemacao.com\/1\/wp-json\/wp\/v2\/posts\/38723\/revisions"}],"wp:featuredmedia":[{"embeddable":true,"href":"https:\/\/www.caririemacao.com\/1\/wp-json\/wp\/v2\/media\/38724"}],"wp:attachment":[{"href":"https:\/\/www.caririemacao.com\/1\/wp-json\/wp\/v2\/media?parent=38723"}],"wp:term":[{"taxonomy":"category","embeddable":true,"href":"https:\/\/www.caririemacao.com\/1\/wp-json\/wp\/v2\/categories?post=38723"},{"taxonomy":"post_tag","embeddable":true,"href":"https:\/\/www.caririemacao.com\/1\/wp-json\/wp\/v2\/tags?post=38723"}],"curies":[{"name":"wp","href":"https:\/\/api.w.org\/{rel}","templated":true}]}}