{"id":38726,"date":"2018-01-25T12:24:46","date_gmt":"2018-01-25T15:24:46","guid":{"rendered":"http:\/\/caririemacao.com\/1\/?p=38726"},"modified":"2018-01-25T12:24:46","modified_gmt":"2018-01-25T15:24:46","slug":"pt-ignora-decisao-e-lanca-lula-pre-candidato-a-presidencia","status":"publish","type":"post","link":"https:\/\/www.caririemacao.com\/1\/2018\/01\/25\/pt-ignora-decisao-e-lanca-lula-pre-candidato-a-presidencia\/","title":{"rendered":"PT ignora decis\u00e3o e lan\u00e7a Lula pr\u00e9-candidato \u00e0 Presid\u00eancia"},"content":{"rendered":"<p>O PT lan\u00e7ou nesta quinta-feira a pr\u00e9-candidatura do ex-presidente Luiz In\u00e1cio Lula da Silva \u00e0 Presid\u00eancia da Rep\u00fablica na elei\u00e7\u00e3o deste ano, um dia depois de Lula ter uma condena\u00e7\u00e3o por corrup\u00e7\u00e3o e lavagem de dinheiro mantida pelo Tribunal Regional Federal da 4\u00aa Regi\u00e3o.<\/p>\n<p>&#8220;Estamos lan\u00e7ando a pr\u00e9-candidatura de Luiz In\u00e1cio Lula da Silva \u00e0 Presid\u00eancia da Rep\u00fablica&#8221;, disse a presidente do PT, senadora Gleisi Hoffmann (PR), ao abrir reuni\u00e3o da Executiva Nacional do partido em S\u00e3o Paulo.<\/p>\n<p>Com a confirma\u00e7\u00e3o da condena\u00e7\u00e3o em segunda inst\u00e2ncia, Lula pode ficar ineleg\u00edvel pela Lei da Ficha Limpa.<\/p>\n<p><strong>CARIRI EM A\u00c7\u00c3O<\/strong><\/p>\n<p><strong>Leia mais not\u00edcias em\u00a0<\/strong><a href=\"http:\/\/www.caririemacao.com\/\"><strong>caririemacao.com<\/strong><\/a><strong>, siga nossa p\u00e1gina no\u00a0<\/strong><a href=\"https:\/\/www.facebook.com\/CaririEmAcao\/?ref=aymt_homepage_panel\"><strong>Facebook<\/strong><\/a>,<strong>\u00a0<\/strong><a href=\"https:\/\/www.instagram.com\/cariri_em_acao\/?hl=pt-br\"><strong>Instagram<\/strong><\/a><strong>\u00a0e\u00a0<\/strong><a href=\"https:\/\/www.youtube.com\/channel\/UCAptA0jQuYQy8vMhLt2m4qg\"><strong>Youtube<\/strong><\/a><strong>\u00a0e veja nossas mat\u00e9rias, v\u00eddeos e fotos. Voc\u00ea tamb\u00e9m pode enviar informa\u00e7\u00f5es \u00e0 Reda\u00e7\u00e3o do Portal Cariri em A\u00e7\u00e3o pelo WhatsApp (83) 9 9634.5791, (83) 9 9601-1162.<\/strong><\/p>\n","protected":false},"excerpt":{"rendered":"<p>O PT lan\u00e7ou nesta quinta-feira a pr\u00e9-candidatura do ex-presidente Luiz In\u00e1cio Lula da Silva \u00e0 Presid\u00eancia da Rep\u00fablica na elei\u00e7\u00e3o deste ano, um dia depois&hellip; <\/p>\n","protected":false},"author":2,"featured_media":38727,"comment_status":"closed","ping_status":"closed","sticky":false,"template":"","format":"standard","meta":{"sfsi_plus_gutenberg_text_before_share":"","sfsi_plus_gutenberg_show_text_before_share":"","sfsi_plus_gutenberg_icon_type":"","sfsi_plus_gutenberg_icon_alignemt":"","sfsi_plus_gutenburg_max_per_row":"","footnotes":""},"categories":[11],"tags":[],"class_list":["post-38726","post","type-post","status-publish","format-standard","has-post-thumbnail","hentry","category-politica"],"_links":{"self":[{"href":"https:\/\/www.caririemacao.com\/1\/wp-json\/wp\/v2\/posts\/38726","targetHints":{"allow":["GET"]}}],"collection":[{"href":"https:\/\/www.caririemacao.com\/1\/wp-json\/wp\/v2\/posts"}],"about":[{"href":"https:\/\/www.caririemacao.com\/1\/wp-json\/wp\/v2\/types\/post"}],"author":[{"embeddable":true,"href":"https:\/\/www.caririemacao.com\/1\/wp-json\/wp\/v2\/users\/2"}],"replies":[{"embeddable":true,"href":"https:\/\/www.caririemacao.com\/1\/wp-json\/wp\/v2\/comments?post=38726"}],"version-history":[{"count":0,"href":"https:\/\/www.caririemacao.com\/1\/wp-json\/wp\/v2\/posts\/38726\/revisions"}],"wp:featuredmedia":[{"embeddable":true,"href":"https:\/\/www.caririemacao.com\/1\/wp-json\/wp\/v2\/media\/38727"}],"wp:attachment":[{"href":"https:\/\/www.caririemacao.com\/1\/wp-json\/wp\/v2\/media?parent=38726"}],"wp:term":[{"taxonomy":"category","embeddable":true,"href":"https:\/\/www.caririemacao.com\/1\/wp-json\/wp\/v2\/categories?post=38726"},{"taxonomy":"post_tag","embeddable":true,"href":"https:\/\/www.caririemacao.com\/1\/wp-json\/wp\/v2\/tags?post=38726"}],"curies":[{"name":"wp","href":"https:\/\/api.w.org\/{rel}","templated":true}]}}