{"id":38729,"date":"2018-01-25T14:02:44","date_gmt":"2018-01-25T17:02:44","guid":{"rendered":"http:\/\/caririemacao.com\/1\/?p=38729"},"modified":"2018-01-25T14:02:44","modified_gmt":"2018-01-25T17:02:44","slug":"incendio-interdita-plenario-e-salao-verde-da-camara-dos-deputados","status":"publish","type":"post","link":"https:\/\/www.caririemacao.com\/1\/2018\/01\/25\/incendio-interdita-plenario-e-salao-verde-da-camara-dos-deputados\/","title":{"rendered":"Inc\u00eandio interdita plen\u00e1rio e Sal\u00e3o Verde da C\u00e2mara dos Deputados"},"content":{"rendered":"<p>Um inc\u00eandio atingiu o plen\u00e1rio da C\u00e2mara dos Deputados na manh\u00e3 desta quinta-feira (25). De acordo com informa\u00e7\u00f5es de testemunhas, as chamas, que atingiram cadeiras e mesas de vota\u00e7\u00e3o, come\u00e7aram por volta das 9h30. A Pol\u00edcia Legislativa interditou o local e o Sal\u00e3o Verde para realiza\u00e7\u00e3o de per\u00edcia. Ainda n\u00e3o se sabe as causas do inc\u00eandio.<\/p>\n<p><a href=\"http:\/\/caririemacao.com\/1\/wp-content\/uploads\/2018\/01\/20180125102700693202a.jpg\"><img fetchpriority=\"high\" decoding=\"async\" class=\"aligncenter size-full wp-image-38730\" src=\"http:\/\/caririemacao.com\/1\/wp-content\/uploads\/2018\/01\/20180125102700693202a.jpg\" alt=\"\" width=\"500\" height=\"410\" srcset=\"https:\/\/www.caririemacao.com\/1\/wp-content\/uploads\/2018\/01\/20180125102700693202a.jpg 500w, https:\/\/www.caririemacao.com\/1\/wp-content\/uploads\/2018\/01\/20180125102700693202a-300x246.jpg 300w\" sizes=\"(max-width: 500px) 100vw, 500px\" \/><\/a><\/p>\n<p>A fuma\u00e7a se espalhou no plen\u00e1rio, nas galerias e salas pr\u00f3ximas. Mesmo com o Legislativo de recesso, diversos assessores, servidores e alguns parlamentares circulam pela casa, mas ningu\u00e9m se feriu.<\/p>\n<p>Em nota, a assessoria de imprensa da C\u00e2mara informou que um curto-circuito pode ter sido a causa do fogo. No entanto, somente ap\u00f3s o trabalho dos peritos ser\u00e1 poss\u00edvel saber com precis\u00e3o o que realmente ocorreu.<\/p>\n<p><strong>CARIRI EM A\u00c7\u00c3O<\/strong><\/p>\n<p>Com Correio Braziliense\/Foto:Reprodu\u00e7\u00e3o.<\/p>\n<p><strong>Leia mais not\u00edcias em\u00a0<\/strong><a href=\"http:\/\/www.caririemacao.com\/\"><strong>caririemacao.com<\/strong><\/a><strong>, siga nossa p\u00e1gina no\u00a0<\/strong><a href=\"https:\/\/www.facebook.com\/CaririEmAcao\/?ref=aymt_homepage_panel\"><strong>Facebook<\/strong><\/a>,<strong>\u00a0<\/strong><a href=\"https:\/\/www.instagram.com\/cariri_em_acao\/?hl=pt-br\"><strong>Instagram<\/strong><\/a><strong>\u00a0e\u00a0<\/strong><a href=\"https:\/\/www.youtube.com\/channel\/UCAptA0jQuYQy8vMhLt2m4qg\"><strong>Youtube<\/strong><\/a><strong>\u00a0e veja nossas mat\u00e9rias, v\u00eddeos e fotos. Voc\u00ea tamb\u00e9m pode enviar informa\u00e7\u00f5es \u00e0 Reda\u00e7\u00e3o do Portal Cariri em A\u00e7\u00e3o pelo WhatsApp (83) 9 9634.5791, (83) 9 9601-1162.<\/strong><\/p>\n","protected":false},"excerpt":{"rendered":"<p>Um inc\u00eandio atingiu o plen\u00e1rio da C\u00e2mara dos Deputados na manh\u00e3 desta quinta-feira (25). De acordo com informa\u00e7\u00f5es de testemunhas, as chamas, que atingiram cadeiras&hellip; <\/p>\n","protected":false},"author":2,"featured_media":38731,"comment_status":"closed","ping_status":"closed","sticky":false,"template":"","format":"standard","meta":{"sfsi_plus_gutenberg_text_before_share":"","sfsi_plus_gutenberg_show_text_before_share":"","sfsi_plus_gutenberg_icon_type":"","sfsi_plus_gutenberg_icon_alignemt":"","sfsi_plus_gutenburg_max_per_row":"","footnotes":""},"categories":[2],"tags":[],"class_list":["post-38729","post","type-post","status-publish","format-standard","has-post-thumbnail","hentry","category-geral"],"_links":{"self":[{"href":"https:\/\/www.caririemacao.com\/1\/wp-json\/wp\/v2\/posts\/38729","targetHints":{"allow":["GET"]}}],"collection":[{"href":"https:\/\/www.caririemacao.com\/1\/wp-json\/wp\/v2\/posts"}],"about":[{"href":"https:\/\/www.caririemacao.com\/1\/wp-json\/wp\/v2\/types\/post"}],"author":[{"embeddable":true,"href":"https:\/\/www.caririemacao.com\/1\/wp-json\/wp\/v2\/users\/2"}],"replies":[{"embeddable":true,"href":"https:\/\/www.caririemacao.com\/1\/wp-json\/wp\/v2\/comments?post=38729"}],"version-history":[{"count":0,"href":"https:\/\/www.caririemacao.com\/1\/wp-json\/wp\/v2\/posts\/38729\/revisions"}],"wp:featuredmedia":[{"embeddable":true,"href":"https:\/\/www.caririemacao.com\/1\/wp-json\/wp\/v2\/media\/38731"}],"wp:attachment":[{"href":"https:\/\/www.caririemacao.com\/1\/wp-json\/wp\/v2\/media?parent=38729"}],"wp:term":[{"taxonomy":"category","embeddable":true,"href":"https:\/\/www.caririemacao.com\/1\/wp-json\/wp\/v2\/categories?post=38729"},{"taxonomy":"post_tag","embeddable":true,"href":"https:\/\/www.caririemacao.com\/1\/wp-json\/wp\/v2\/tags?post=38729"}],"curies":[{"name":"wp","href":"https:\/\/api.w.org\/{rel}","templated":true}]}}