{"id":38737,"date":"2018-01-26T06:08:09","date_gmt":"2018-01-26T09:08:09","guid":{"rendered":"http:\/\/caririemacao.com\/1\/?p=38737"},"modified":"2018-01-26T06:08:09","modified_gmt":"2018-01-26T09:08:09","slug":"bandidos-assaltam-agencia-dos-correios","status":"publish","type":"post","link":"https:\/\/www.caririemacao.com\/1\/2018\/01\/26\/bandidos-assaltam-agencia-dos-correios\/","title":{"rendered":"Bandidos assaltam ag\u00eancia dos Correios"},"content":{"rendered":"<p>Dois bandidos armados invadiram e assaltaram uma ag\u00eancia dos Correios na manh\u00e3 da quinta-feira (25) em Areia, regi\u00e3o metropolitana de Campina Grande.<\/p>\n<p>A ag\u00eancia fica localizada na rua Professor Xavier J\u00fanior, no centro de Areia.<\/p>\n<p>De acordo com informa\u00e7\u00f5es da Pol\u00edcia Militar, dois bandidos invadiram o pr\u00e9dio, anunciaram o assalto e fizeram uma funcion\u00e1ria de ref\u00e9m.<\/p>\n<p>Os bandidos roubaram todo o dinheiro dos caixas e fizeram um arrast\u00e3o nos pertences dos clientes, para em seguida fugir em uma moto em dire\u00e7\u00e3o a Alagoa Nova.<\/p>\n<p>At\u00e9 o momento, ningu\u00e9m foi preso.<\/p>\n<p><strong>CARIRI EM A\u00c7\u00c3O<\/strong><\/p>\n<p><em>Com Clik PB\/Foto: Reprodu\u00e7\u00e3o google<\/em><\/p>\n<p><strong>Leia mais not\u00edcias em\u00a0<\/strong><a href=\"http:\/\/www.caririemacao.com\/\"><strong>caririemacao.com<\/strong><\/a><strong>, siga nossa p\u00e1gina no\u00a0<\/strong><a href=\"https:\/\/www.facebook.com\/CaririEmAcao\/?ref=aymt_homepage_panel\"><strong>Facebook<\/strong><\/a>,<strong>\u00a0<\/strong><a href=\"https:\/\/www.instagram.com\/cariri_em_acao\/?hl=pt-br\"><strong>Instagram<\/strong><\/a><strong>\u00a0e\u00a0<\/strong><a href=\"https:\/\/www.youtube.com\/channel\/UCAptA0jQuYQy8vMhLt2m4qg\"><strong>Youtube<\/strong><\/a><strong>\u00a0e veja nossas mat\u00e9rias, v\u00eddeos e fotos. Voc\u00ea tamb\u00e9m pode enviar informa\u00e7\u00f5es \u00e0 Reda\u00e7\u00e3o do Portal Cariri em A\u00e7\u00e3o pelo WhatsApp (83) 9 9634.5791, (83) 9 9601-1162.<\/strong><\/p>\n","protected":false},"excerpt":{"rendered":"<p>Dois bandidos armados invadiram e assaltaram uma ag\u00eancia dos Correios na manh\u00e3 da quinta-feira (25) em Areia, regi\u00e3o metropolitana de Campina Grande. A ag\u00eancia fica&hellip; <\/p>\n","protected":false},"author":2,"featured_media":38738,"comment_status":"closed","ping_status":"closed","sticky":false,"template":"","format":"standard","meta":{"sfsi_plus_gutenberg_text_before_share":"","sfsi_plus_gutenberg_show_text_before_share":"","sfsi_plus_gutenberg_icon_type":"","sfsi_plus_gutenberg_icon_alignemt":"","sfsi_plus_gutenburg_max_per_row":"","footnotes":""},"categories":[12],"tags":[],"class_list":["post-38737","post","type-post","status-publish","format-standard","has-post-thumbnail","hentry","category-policia"],"_links":{"self":[{"href":"https:\/\/www.caririemacao.com\/1\/wp-json\/wp\/v2\/posts\/38737","targetHints":{"allow":["GET"]}}],"collection":[{"href":"https:\/\/www.caririemacao.com\/1\/wp-json\/wp\/v2\/posts"}],"about":[{"href":"https:\/\/www.caririemacao.com\/1\/wp-json\/wp\/v2\/types\/post"}],"author":[{"embeddable":true,"href":"https:\/\/www.caririemacao.com\/1\/wp-json\/wp\/v2\/users\/2"}],"replies":[{"embeddable":true,"href":"https:\/\/www.caririemacao.com\/1\/wp-json\/wp\/v2\/comments?post=38737"}],"version-history":[{"count":0,"href":"https:\/\/www.caririemacao.com\/1\/wp-json\/wp\/v2\/posts\/38737\/revisions"}],"wp:featuredmedia":[{"embeddable":true,"href":"https:\/\/www.caririemacao.com\/1\/wp-json\/wp\/v2\/media\/38738"}],"wp:attachment":[{"href":"https:\/\/www.caririemacao.com\/1\/wp-json\/wp\/v2\/media?parent=38737"}],"wp:term":[{"taxonomy":"category","embeddable":true,"href":"https:\/\/www.caririemacao.com\/1\/wp-json\/wp\/v2\/categories?post=38737"},{"taxonomy":"post_tag","embeddable":true,"href":"https:\/\/www.caririemacao.com\/1\/wp-json\/wp\/v2\/tags?post=38737"}],"curies":[{"name":"wp","href":"https:\/\/api.w.org\/{rel}","templated":true}]}}