{"id":38740,"date":"2018-01-26T06:10:52","date_gmt":"2018-01-26T09:10:52","guid":{"rendered":"http:\/\/caririemacao.com\/1\/?p=38740"},"modified":"2018-01-26T06:10:52","modified_gmt":"2018-01-26T09:10:52","slug":"paraibano-e-nomeado-coordenador-de-informatizacao-e-estatisticas-do-denatran","status":"publish","type":"post","link":"https:\/\/www.caririemacao.com\/1\/2018\/01\/26\/paraibano-e-nomeado-coordenador-de-informatizacao-e-estatisticas-do-denatran\/","title":{"rendered":"Paraibano \u00e9 nomeado coordenador de Informatiza\u00e7\u00e3o e Estat\u00edsticas do DENATRAN"},"content":{"rendered":"<p>O servidor efetivo do Detran da Para\u00edba, Jo\u00e3o Eduardo Melo, foi nomeado pelo Ministro das Cidades, Alexandre Baldy, para uma das diretorias do Departamento Nacional de Tr\u00e2nsito \u2013 DENATRAN.<\/p>\n<p>Jo\u00e3o Eduardo assumir\u00e1 em Bras\u00edlia a Coordena\u00e7\u00e3o Geral de Informatiza\u00e7\u00e3o e Estat\u00edsticas \u2013 CGIE do \u00f3rg\u00e3o m\u00e1ximo executivo de tr\u00e2nsito do pa\u00eds.<\/p>\n<p>O paraibano, indicado por crit\u00e9rio t\u00e9cnico pelo diretor presidente do CONTRAN\/DENATRAN, Mauricio Alves, teve sua indica\u00e7\u00e3o endossada junto ao Governo Federal pelo deputado federal Hugo Motta.<\/p>\n<p>Jo\u00e3o Eduardo Melo \u00e9 servidor efetivo do Detran da Para\u00edba com 34 anos de servi\u00e7os prestados ao \u00f3rg\u00e3o. Ele \u00e9 formado em Direito com especializa\u00e7\u00e3o em An\u00e1lise de Sistemas e MBA em Tecnologia da Informa\u00e7\u00e3o, e exercia a Ger\u00eancia de Tecnologia da Informa\u00e7\u00e3o do Detran-PB.<\/p>\n<p>Jo\u00e3o Eduardo Melo \u00e9 tamb\u00e9m terceiro suplente de vereador de Jo\u00e3o Pessoa pelo PSB, tendo obtido na \u00faltima elei\u00e7\u00e3o\u00a0um total de 2.266 votos.<\/p>\n<p><strong>CARIRI EM A\u00c7\u00c3O<\/strong><\/p>\n<p><em>Com Clik PB\/Foto:\u00a0Clik PB<\/em><\/p>\n<p><strong>Leia mais not\u00edcias em\u00a0<\/strong><a href=\"http:\/\/www.caririemacao.com\/\"><strong>caririemacao.com<\/strong><\/a><strong>, siga nossa p\u00e1gina no\u00a0<\/strong><a href=\"https:\/\/www.facebook.com\/CaririEmAcao\/?ref=aymt_homepage_panel\"><strong>Facebook<\/strong><\/a>,<strong>\u00a0<\/strong><a href=\"https:\/\/www.instagram.com\/cariri_em_acao\/?hl=pt-br\"><strong>Instagram<\/strong><\/a><strong>\u00a0e\u00a0<\/strong><a href=\"https:\/\/www.youtube.com\/channel\/UCAptA0jQuYQy8vMhLt2m4qg\"><strong>Youtube<\/strong><\/a><strong>\u00a0e veja nossas mat\u00e9rias, v\u00eddeos e fotos. Voc\u00ea tamb\u00e9m pode enviar informa\u00e7\u00f5es \u00e0 Reda\u00e7\u00e3o do Portal Cariri em A\u00e7\u00e3o pelo WhatsApp (83) 9 9634.5791, (83) 9 9601-1162.<\/strong><\/p>\n<p>m total de 2.266 votos.<\/p>\n<p>&nbsp;<\/p>\n","protected":false},"excerpt":{"rendered":"<p>O servidor efetivo do Detran da Para\u00edba, Jo\u00e3o Eduardo Melo, foi nomeado pelo Ministro das Cidades, Alexandre Baldy, para uma das diretorias do Departamento Nacional&hellip; <\/p>\n","protected":false},"author":2,"featured_media":38741,"comment_status":"closed","ping_status":"closed","sticky":false,"template":"","format":"standard","meta":{"sfsi_plus_gutenberg_text_before_share":"","sfsi_plus_gutenberg_show_text_before_share":"","sfsi_plus_gutenberg_icon_type":"","sfsi_plus_gutenberg_icon_alignemt":"","sfsi_plus_gutenburg_max_per_row":"","footnotes":""},"categories":[2],"tags":[],"class_list":["post-38740","post","type-post","status-publish","format-standard","has-post-thumbnail","hentry","category-geral"],"_links":{"self":[{"href":"https:\/\/www.caririemacao.com\/1\/wp-json\/wp\/v2\/posts\/38740","targetHints":{"allow":["GET"]}}],"collection":[{"href":"https:\/\/www.caririemacao.com\/1\/wp-json\/wp\/v2\/posts"}],"about":[{"href":"https:\/\/www.caririemacao.com\/1\/wp-json\/wp\/v2\/types\/post"}],"author":[{"embeddable":true,"href":"https:\/\/www.caririemacao.com\/1\/wp-json\/wp\/v2\/users\/2"}],"replies":[{"embeddable":true,"href":"https:\/\/www.caririemacao.com\/1\/wp-json\/wp\/v2\/comments?post=38740"}],"version-history":[{"count":0,"href":"https:\/\/www.caririemacao.com\/1\/wp-json\/wp\/v2\/posts\/38740\/revisions"}],"wp:featuredmedia":[{"embeddable":true,"href":"https:\/\/www.caririemacao.com\/1\/wp-json\/wp\/v2\/media\/38741"}],"wp:attachment":[{"href":"https:\/\/www.caririemacao.com\/1\/wp-json\/wp\/v2\/media?parent=38740"}],"wp:term":[{"taxonomy":"category","embeddable":true,"href":"https:\/\/www.caririemacao.com\/1\/wp-json\/wp\/v2\/categories?post=38740"},{"taxonomy":"post_tag","embeddable":true,"href":"https:\/\/www.caririemacao.com\/1\/wp-json\/wp\/v2\/tags?post=38740"}],"curies":[{"name":"wp","href":"https:\/\/api.w.org\/{rel}","templated":true}]}}